{"id":429443,"date":"2024-03-17T11:53:30","date_gmt":"2024-03-17T09:53:30","guid":{"rendered":"https:\/\/wmmaa.org\/?p=429443"},"modified":"2024-03-17T11:53:30","modified_gmt":"2024-03-17T09:53:30","slug":"jose-aldo-regressa-a-ufc","status":"publish","type":"post","link":"https:\/\/wmmaa.org\/pt-pt\/jose-aldo-regressa-a-ufc\/","title":{"rendered":"Jos\u00e9 Aldo regressa \u00e0 UFC"},"content":{"rendered":"<div id=\"feat-img-reg\" class=\"relative\">\n <img decoding=\"async\" src=\"https:\/\/wmmaa.org\/wp-content\/uploads\/2024\/03\/Jose-Aldo-returns-to-the-UFC.jpg\" alt=\"Jos\u00e9 Aldo regressa \u00e0 UFC\"><\/div>\n<div class=\"itemIntroText\">\n<p>O ex-campe\u00e3o dos pesos pluma do WEC e do UFC e ex-desafiante ao t\u00edtulo dos pesos leves do UFC, Jos\u00e9 Aldo, que notificou a liga mais forte do mundo de sua aposentadoria em setembro de 2022, vai retomar sua carreira ap\u00f3s um hiato de quase dois anos.<\/p>\n<\/p>\n<\/div>\n<div class=\"itemFullText\">\n<p>Segundo a ESPN, o lend\u00e1rio brasileiro participar\u00e1 do UFC 301, que acontecer\u00e1 no dia 4 de maio, no Rio de Janeiro, e o advers\u00e1rio do membro do Hall da Fama do UFC ser\u00e1 o americano Jonathan Martinez, d\u00e9cimo quarto colocado no ranking da divis\u00e3o dos leves da organiza\u00e7\u00e3o.<\/p>\n<p>Jos\u00e9 Aldo, 37 anos, pisou o oct\u00f3gono pela \u00faltima vez em agosto de 2022, perdendo por decis\u00e3o un\u00e2nime para Merab Dvalishvili em uma potencial luta de contendores.<\/p>\n<p>Jonathan Martinez, 29 anos, tem uma s\u00e9rie de cinco vit\u00f3rias consecutivas, finalizando Adrian Yaniz por nocaute t\u00e9cnico no segundo round em sua \u00faltima luta.<\/p>\n<p>No dia anterior, os dirigentes do UFC anunciaram oficialmente que o evento principal do pr\u00f3ximo evento brasileiro da organiza\u00e7\u00e3o ser\u00e1 uma luta pelo t\u00edtulo dos pesos penas entre Alexandre Pantoja e Steve Erceg.<\/p>\n<\/p>\n<\/div>\n<p class=\"source-link\">Fonte: https:\/\/fighttime.ru\/news\/item\/34199-zhoze-aldo-vozvrashchaetsya-v-ufc.html?rand=19907<\/p>\n","protected":false},"excerpt":{"rendered":"<p>O ex-campe\u00e3o dos pesos pluma do WEC e do UFC e ex-desafiante ao t\u00edtulo dos pesos leves do UFC, Jos\u00e9 Aldo, que notificou a liga mais forte do mundo de sua aposentadoria em setembro de 2022, vai retomar sua carreira ap\u00f3s um hiato de quase dois anos. Segundo a ESPN, o lend\u00e1rio brasileiro participar\u00e1 do [&hellip;]<\/p>\n","protected":false},"author":1,"featured_media":429430,"comment_status":"closed","ping_status":"open","sticky":false,"template":"","format":"standard","meta":{"footnotes":""},"categories":[1170],"tags":[522],"_links":{"self":[{"href":"https:\/\/wmmaa.org\/pt-pt\/wp-json\/wp\/v2\/posts\/429443"}],"collection":[{"href":"https:\/\/wmmaa.org\/pt-pt\/wp-json\/wp\/v2\/posts"}],"about":[{"href":"https:\/\/wmmaa.org\/pt-pt\/wp-json\/wp\/v2\/types\/post"}],"author":[{"embeddable":true,"href":"https:\/\/wmmaa.org\/pt-pt\/wp-json\/wp\/v2\/users\/1"}],"replies":[{"embeddable":true,"href":"https:\/\/wmmaa.org\/pt-pt\/wp-json\/wp\/v2\/comments?post=429443"}],"version-history":[{"count":0,"href":"https:\/\/wmmaa.org\/pt-pt\/wp-json\/wp\/v2\/posts\/429443\/revisions"}],"wp:featuredmedia":[{"embeddable":true,"href":"https:\/\/wmmaa.org\/pt-pt\/wp-json\/wp\/v2\/media\/429430"}],"wp:attachment":[{"href":"https:\/\/wmmaa.org\/pt-pt\/wp-json\/wp\/v2\/media?parent=429443"}],"wp:term":[{"taxonomy":"category","embeddable":true,"href":"https:\/\/wmmaa.org\/pt-pt\/wp-json\/wp\/v2\/categories?post=429443"},{"taxonomy":"post_tag","embeddable":true,"href":"https:\/\/wmmaa.org\/pt-pt\/wp-json\/wp\/v2\/tags?post=429443"}],"curies":[{"name":"wp","href":"https:\/\/api.w.org\/{rel}","templated":true}]}}