{"id":428740,"date":"2024-03-13T08:05:55","date_gmt":"2024-03-13T06:05:55","guid":{"rendered":"https:\/\/wmmaa.org\/mark-coleman-lenda-dos-mma-em-estado-critico-apos-um-incendio\/"},"modified":"2024-03-13T08:05:55","modified_gmt":"2024-03-13T06:05:55","slug":"mark-coleman-lenda-dos-mma-em-estado-critico-apos-um-incendio","status":"publish","type":"post","link":"https:\/\/wmmaa.org\/pt-pt\/mark-coleman-lenda-dos-mma-em-estado-critico-apos-um-incendio\/","title":{"rendered":"Mark Coleman, lenda dos MMA, em estado cr\u00edtico ap\u00f3s um inc\u00eandio"},"content":{"rendered":"<div id=\"feat-img-reg\" class=\"relative\">\n <img decoding=\"async\" src=\"https:\/\/wmmaa.org\/wp-content\/uploads\/2024\/03\/MMA-legend-Mark-Coleman-in-critical-condition-after-a-fire.jpg\" alt=\"Mark Coleman, lenda dos MMA, em estado cr\u00edtico na sequ\u00eancia de um inc\u00eandio\"><\/div>\n<div class=\"itemIntroText\">\n<p>A lenda das artes marciais mistas e antigo campe\u00e3o de pesos pesados da UFC, Mark Coleman, est\u00e1 a lutar pela vida nos cuidados intensivos depois de um inc\u00eandio em casa dos pais.<\/p>\n<\/p>\n<\/div>\n<div class=\"itemFullText\">\n<p>De acordo com a sua filha, o membro do Hall da Fama da UFC conseguiu levar os seus pais para fora, mas perdeu a consci\u00eancia devido ao fumo depois de voltar \u00e0 casa em chamas para ir buscar o seu c\u00e3o.<\/p>\n<blockquote>\n<p>&#8220;Como muitos sabem, o nosso pai foi apanhado num inc\u00eandio esta manh\u00e3 com os seus pais e o seu querido c\u00e3o Hammer&#8221;, escreveu Morgan Coleman. &#8220;Ele conseguiu tirar os nossos pais de casa, mas, apesar dos seus esfor\u00e7os, n\u00e3o conseguiu salvar o nosso c\u00e3o. Foi levado de urg\u00eancia para o hospital, onde est\u00e1 a lutar pela vida depois de um ato t\u00e3o heroico&#8221;.<\/p>\n<p>&#8220;O nosso pai sempre foi o nosso her\u00f3i e significa mais para n\u00f3s do que o mundo. Ele foi e continua a ser um lutador. O homem mais forte e corajoso que conhe\u00e7o. Por favor, continuem a rezar por ele e pela nossa fam\u00edlia durante este per\u00edodo dif\u00edcil. Obrigado a todos pelo vosso amor e apoio&#8221;.<\/p>\n<\/blockquote>\n<p>Nada se sabe sobre o estado exato de Coleman, mas os seus amigos publicaram nas redes sociais v\u00e1rias fotografias do peso-pesado americano entubado na unidade de cuidados intensivos.<\/p>\n<p><img decoding=\"async\" src=\"https:\/\/wmmaa.org\/wp-content\/uploads\/2024\/03\/1710309655_521_MMA-legend-Mark-Coleman-in-critical-condition-after-a-fire.jpg\" alt=\"\"><\/p>\n<p>Mark Coleman, 59 anos, \u00e9 o primeiro campe\u00e3o de pesos pesados da UFC e vencedor do grande pr\u00e9mio do PRIDE. Usando os apelidos &#8220;The Hammer&#8221; e &#8220;The Godfather of the Ground and Pound&#8221;, Mark Coleman foi introduzido no Hall da Fama do UFC como membro da Ala dos Pioneiros e como membro da Ala dos Lutadores.<\/p>\n<p>O americano sofreu um ataque card\u00edaco em 2020 e entrou em reabilita\u00e7\u00e3o de \u00e1lcool em 2021, e tem promovido ativamente a sobriedade e estilos de vida saud\u00e1veis desde ent\u00e3o.<\/p>\n<p>O \u00faltimo combate profissional de Mark Coleman foi em fevereiro de 2010, no UFC 109, em Las Vegas, perdendo por estrangulamento por tr\u00e1s do pesco\u00e7o para o seu lend\u00e1rio compatriota Randy Couture.<\/p>\n<\/p>\n<\/div>\n<p class=\"source-link\">Fonte: https:\/\/fighttime.ru\/news\/item\/34161-legenda-mma-mark-kolman-v-kriticheskom-sostoyanii-posle-pozhara.html?rand=19907<\/p>\n","protected":false},"excerpt":{"rendered":"<p>A lenda das artes marciais mistas e antigo campe\u00e3o de pesos pesados da UFC, Mark Coleman, est\u00e1 a lutar pela vida nos cuidados intensivos depois de um inc\u00eandio em casa dos pais. De acordo com a sua filha, o membro do Hall da Fama da UFC conseguiu levar os seus pais para fora, mas perdeu [&hellip;]<\/p>\n","protected":false},"author":1,"featured_media":428729,"comment_status":"","ping_status":"open","sticky":false,"template":"","format":"standard","meta":{"footnotes":""},"categories":[1170],"tags":[5172],"_links":{"self":[{"href":"https:\/\/wmmaa.org\/pt-pt\/wp-json\/wp\/v2\/posts\/428740"}],"collection":[{"href":"https:\/\/wmmaa.org\/pt-pt\/wp-json\/wp\/v2\/posts"}],"about":[{"href":"https:\/\/wmmaa.org\/pt-pt\/wp-json\/wp\/v2\/types\/post"}],"author":[{"embeddable":true,"href":"https:\/\/wmmaa.org\/pt-pt\/wp-json\/wp\/v2\/users\/1"}],"replies":[{"embeddable":true,"href":"https:\/\/wmmaa.org\/pt-pt\/wp-json\/wp\/v2\/comments?post=428740"}],"version-history":[{"count":0,"href":"https:\/\/wmmaa.org\/pt-pt\/wp-json\/wp\/v2\/posts\/428740\/revisions"}],"wp:featuredmedia":[{"embeddable":true,"href":"https:\/\/wmmaa.org\/pt-pt\/wp-json\/wp\/v2\/media\/428729"}],"wp:attachment":[{"href":"https:\/\/wmmaa.org\/pt-pt\/wp-json\/wp\/v2\/media?parent=428740"}],"wp:term":[{"taxonomy":"category","embeddable":true,"href":"https:\/\/wmmaa.org\/pt-pt\/wp-json\/wp\/v2\/categories?post=428740"},{"taxonomy":"post_tag","embeddable":true,"href":"https:\/\/wmmaa.org\/pt-pt\/wp-json\/wp\/v2\/tags?post=428740"}],"curies":[{"name":"wp","href":"https:\/\/api.w.org\/{rel}","templated":true}]}}