{"id":427834,"date":"2024-03-10T07:58:10","date_gmt":"2024-03-10T05:58:10","guid":{"rendered":"https:\/\/wmmaa.org\/renato-moicano-e-jaelyn-turner-lutarao-no-ufc-300\/"},"modified":"2024-03-10T07:58:10","modified_gmt":"2024-03-10T05:58:10","slug":"renato-moicano-e-jaelyn-turner-lutarao-no-ufc-300","status":"publish","type":"post","link":"https:\/\/wmmaa.org\/pt-pt\/renato-moicano-e-jaelyn-turner-lutarao-no-ufc-300\/","title":{"rendered":"Renato Moicano e Jaelyn Turner lutar\u00e3o no UFC 300"},"content":{"rendered":"<div id=\"feat-img-reg\" class=\"relative\">\n <img decoding=\"async\" src=\"https:\/\/wmmaa.org\/wp-content\/uploads\/2024\/03\/Renato-Moicano-and-Jaelyn-Turner-will-fight-at-UFC-300.jpg\" alt=\"Renato Moicano e Jalen Turner lutar\u00e3o no UFC 300\"><\/div>\n<div class=\"itemIntroText\">\n<p>Um combate de pesos leves entre Renato Moicano e Jalin Turner foi adicionado ao card do evento de anivers\u00e1rio do UFC 300, que se realiza a 13 de abril em Las Vegas.<\/p>\n<\/p>\n<\/div>\n<div class=\"itemFullText\">\n<p>A luta foi anunciada oficialmente durante a transmiss\u00e3o do evento UFC 299, realizado em Miami.<\/p>\n<p>Jalin Turner, de 28 anos, voltou a colocar a sua carreira no caminho certo em dezembro, ap\u00f3s duas derrotas consecutivas, com um nocaute no primeiro round sobre Bobby Green.<\/p>\n<p>Renato Moicano, 34 anos, tem uma s\u00e9rie de duas vit\u00f3rias consecutivas, finalizando Brad Riddell com um estrangulamento por tr\u00e1s e ganhando uma decis\u00e3o un\u00e2nime sobre Drew Dober.<\/p>\n<p>Jalen Turner e Renato Moicano ocupam atualmente o nono e o d\u00e9cimo terceiro lugar no ranking de pesos leves do UFC, respetivamente.<\/p>\n<\/p>\n<\/div>\n<p class=\"source-link\">Fonte: https:\/\/fighttime.ru\/news\/item\/34135-renato-mojkano-i-dzhelin-terner-provedut-boj-na-ufc-300.html?rand=19907<\/p>\n","protected":false},"excerpt":{"rendered":"<p>Um combate de pesos leves entre Renato Moicano e Jalin Turner foi adicionado ao card do evento de anivers\u00e1rio do UFC 300, que se realiza a 13 de abril em Las Vegas. A luta foi anunciada oficialmente durante a transmiss\u00e3o do evento UFC 299, realizado em Miami. Jalin Turner, de 28 anos, voltou a colocar [&hellip;]<\/p>\n","protected":false},"author":1,"featured_media":427823,"comment_status":"","ping_status":"open","sticky":false,"template":"","format":"standard","meta":{"footnotes":""},"categories":[1170],"tags":[4988,1990,4808],"_links":{"self":[{"href":"https:\/\/wmmaa.org\/pt-pt\/wp-json\/wp\/v2\/posts\/427834"}],"collection":[{"href":"https:\/\/wmmaa.org\/pt-pt\/wp-json\/wp\/v2\/posts"}],"about":[{"href":"https:\/\/wmmaa.org\/pt-pt\/wp-json\/wp\/v2\/types\/post"}],"author":[{"embeddable":true,"href":"https:\/\/wmmaa.org\/pt-pt\/wp-json\/wp\/v2\/users\/1"}],"replies":[{"embeddable":true,"href":"https:\/\/wmmaa.org\/pt-pt\/wp-json\/wp\/v2\/comments?post=427834"}],"version-history":[{"count":0,"href":"https:\/\/wmmaa.org\/pt-pt\/wp-json\/wp\/v2\/posts\/427834\/revisions"}],"wp:featuredmedia":[{"embeddable":true,"href":"https:\/\/wmmaa.org\/pt-pt\/wp-json\/wp\/v2\/media\/427823"}],"wp:attachment":[{"href":"https:\/\/wmmaa.org\/pt-pt\/wp-json\/wp\/v2\/media?parent=427834"}],"wp:term":[{"taxonomy":"category","embeddable":true,"href":"https:\/\/wmmaa.org\/pt-pt\/wp-json\/wp\/v2\/categories?post=427834"},{"taxonomy":"post_tag","embeddable":true,"href":"https:\/\/wmmaa.org\/pt-pt\/wp-json\/wp\/v2\/tags?post=427834"}],"curies":[{"name":"wp","href":"https:\/\/api.w.org\/{rel}","templated":true}]}}