{"id":425342,"date":"2024-02-27T09:42:00","date_gmt":"2024-02-27T07:42:00","guid":{"rendered":"https:\/\/wmmaa.org\/?p=425342"},"modified":"2024-02-27T09:42:00","modified_gmt":"2024-02-27T07:42:00","slug":"nate-diaz-marcou-uma-data-para-o-seu-regresso-a-ufc","status":"publish","type":"post","link":"https:\/\/wmmaa.org\/pt-pt\/nate-diaz-marcou-uma-data-para-o-seu-regresso-a-ufc\/","title":{"rendered":"Nate Diaz marcou uma data para o seu regresso \u00e0 UFC"},"content":{"rendered":"<div id=\"feat-img-reg\" class=\"relative\">\n <img decoding=\"async\" src=\"https:\/\/wmmaa.org\/wp-content\/uploads\/2024\/02\/Nate-Diaz-has-named-a-date-for-his-return-to.jpg\" alt=\"Nate Diaz marcou uma data para o seu regresso \u00e0 UFC\"><\/div>\n<div class=\"itemIntroText\">\n<p>O popular lutador americano Nate Diaz planeia competir no UFC 306, que se realiza a 14 de setembro na Sphere Arena em Las Vegas.<\/p>\n<\/p>\n<\/div>\n<div class=\"itemFullText\">\n<p>O ex-desafiante ao cintur\u00e3o de campe\u00e3o dos leves do UFC fez o an\u00fancio nas redes sociais, publicando uma foto da arena.<\/p>\n<blockquote>\n<p>&#8220;Vou lutar aqui! H**** UFC 300&#8221;, escreveu Diaz.<\/p>\n<\/blockquote>\n<p><img decoding=\"async\" src=\"https:\/\/wmmaa.org\/wp-content\/uploads\/2024\/02\/1709019420_476_Nate-Diaz-has-named-a-date-for-his-return-to.jpg\" alt=\"\"><\/p>\n<p>O evento numerado, que foi oficialmente anunciado pela dire\u00e7\u00e3o da organiza\u00e7\u00e3o no passado fim de semana, ter\u00e1 lugar no Dia da Independ\u00eancia do M\u00e9xico e promete ser um dos maiores espect\u00e1culos da hist\u00f3ria da liga mais forte do mundo.<\/p>\n<p>Nate Diaz, 38 anos, retirou-se da UFC ap\u00f3s uma vit\u00f3ria precoce sobre Tony Ferguson, a quem finalizou com um estrangulamento guilhotina no quarto assalto em setembro de 2022, e em agosto passado o americano estreou-se sem sucesso no boxe profissional, perdendo uma decis\u00e3o un\u00e2nime de dez assaltos para o bloguista Jake Paul.<\/p>\n<\/p>\n<\/div>\n<p class=\"source-link\">Fonte: https:\/\/fighttime.ru\/news\/item\/34031-nejt-dias-nazval-datu-vozvrashcheniya-v-ufc.html?rand=19907<\/p>\n","protected":false},"excerpt":{"rendered":"<p>O popular lutador americano Nate Diaz planeia competir no UFC 306, que se realiza a 14 de setembro na Sphere Arena em Las Vegas. O ex-desafiante ao cintur\u00e3o de campe\u00e3o dos leves do UFC fez o an\u00fancio nas redes sociais, publicando uma foto da arena. &#8220;Vou lutar aqui! H**** UFC 300&#8221;, escreveu Diaz. O evento [&hellip;]<\/p>\n","protected":false},"author":1,"featured_media":425331,"comment_status":"closed","ping_status":"open","sticky":false,"template":"","format":"standard","meta":{"footnotes":""},"categories":[1170],"tags":[139,5141],"_links":{"self":[{"href":"https:\/\/wmmaa.org\/pt-pt\/wp-json\/wp\/v2\/posts\/425342"}],"collection":[{"href":"https:\/\/wmmaa.org\/pt-pt\/wp-json\/wp\/v2\/posts"}],"about":[{"href":"https:\/\/wmmaa.org\/pt-pt\/wp-json\/wp\/v2\/types\/post"}],"author":[{"embeddable":true,"href":"https:\/\/wmmaa.org\/pt-pt\/wp-json\/wp\/v2\/users\/1"}],"replies":[{"embeddable":true,"href":"https:\/\/wmmaa.org\/pt-pt\/wp-json\/wp\/v2\/comments?post=425342"}],"version-history":[{"count":0,"href":"https:\/\/wmmaa.org\/pt-pt\/wp-json\/wp\/v2\/posts\/425342\/revisions"}],"wp:featuredmedia":[{"embeddable":true,"href":"https:\/\/wmmaa.org\/pt-pt\/wp-json\/wp\/v2\/media\/425331"}],"wp:attachment":[{"href":"https:\/\/wmmaa.org\/pt-pt\/wp-json\/wp\/v2\/media?parent=425342"}],"wp:term":[{"taxonomy":"category","embeddable":true,"href":"https:\/\/wmmaa.org\/pt-pt\/wp-json\/wp\/v2\/categories?post=425342"},{"taxonomy":"post_tag","embeddable":true,"href":"https:\/\/wmmaa.org\/pt-pt\/wp-json\/wp\/v2\/tags?post=425342"}],"curies":[{"name":"wp","href":"https:\/\/api.w.org\/{rel}","templated":true}]}}