{"id":424596,"date":"2024-02-22T18:57:31","date_gmt":"2024-02-22T16:57:31","guid":{"rendered":"https:\/\/wmmaa.org\/alex-pereira-assinou-um-novo-contrato-com-a-ufc\/"},"modified":"2024-02-22T18:57:31","modified_gmt":"2024-02-22T16:57:31","slug":"alex-pereira-assinou-um-novo-contrato-com-a-ufc","status":"publish","type":"post","link":"https:\/\/wmmaa.org\/pt-pt\/alex-pereira-assinou-um-novo-contrato-com-a-ufc\/","title":{"rendered":"Alex Pereira assinou um novo contrato com a UFC"},"content":{"rendered":"<div id=\"feat-img-reg\" class=\"relative\">\n <img decoding=\"async\" src=\"https:\/\/wmmaa.org\/wp-content\/uploads\/2024\/02\/Alex-Pereira-has-signed-a-new-contract-with-the-UFC.jpg\" alt=\"Alex Pereira assinou um novo contrato com o UFC\"><\/div>\n<div class=\"itemIntroText\">\n<p>O atual campe\u00e3o de pesos-galos do UFC, Alex Pereira, que foi oficialmente nomeado cabe\u00e7a de cartaz do evento de anivers\u00e1rio do UFC 300 no fim de semana passado, assinou um novo contrato de longa dura\u00e7\u00e3o com a organiza\u00e7\u00e3o um dia antes do an\u00fancio.<\/p>\n<\/p>\n<\/div>\n<div class=\"itemFullText\">\n<blockquote>\n<p>&#8220;Na sexta-feira, assinei um novo contrato de oito lutas com o UFC&#8221;, disse o brasileiro \u00e0 edi\u00e7\u00e3o regular do programa The MMA Hour. &#8220;Tenho uma rela\u00e7\u00e3o muito boa com o UFC e estou muito grato \u00e0 organiza\u00e7\u00e3o e \u00e0 sua equipa de gest\u00e3o. Eles fazem grandes coisas, e acho que apreciam quem eu sou, porque sou controlado, focado e produtivo.&#8221;<\/p>\n<p>&#8220;Quando vim para o UFC, deram-me um contrato de tr\u00eas combates, depois do meu combate de estreia aumentaram-no para oito combates e depois do combate com o Strickland aumentaram-no novamente para oito combates. Agora voltaram a dar-me oito combates em condi\u00e7\u00f5es melhoradas. Claro que tamb\u00e9m tenho muito para oferecer e eles est\u00e3o satisfeitos com isso. Tratam-me muito bem e n\u00e3o tenho nada de que me queixar. Temos uma rela\u00e7\u00e3o perfeita&#8221;.<\/p>\n<\/blockquote>\n<p>Recorde-se que, a 13 de abril, no UFC 300, em Las Vegas, Alex Pereira far\u00e1 a sua defesa do t\u00edtulo contra o antigo campe\u00e3o da divis\u00e3o, Jamal Hill, que foi for\u00e7ado a abandonar o cinto no ver\u00e3o passado devido a les\u00e3o.<\/p>\n<\/p>\n<\/div>\n<p class=\"source-link\">Fonte: https:\/\/fighttime.ru\/news\/item\/33992-aleks-perejra-podpisal-novyj-kontrakt-s-ufc.html?rand=19907<\/p>\n","protected":false},"excerpt":{"rendered":"<p>O atual campe\u00e3o de pesos-galos do UFC, Alex Pereira, que foi oficialmente nomeado cabe\u00e7a de cartaz do evento de anivers\u00e1rio do UFC 300 no fim de semana passado, assinou um novo contrato de longa dura\u00e7\u00e3o com a organiza\u00e7\u00e3o um dia antes do an\u00fancio. &#8220;Na sexta-feira, assinei um novo contrato de oito lutas com o UFC&#8221;, [&hellip;]<\/p>\n","protected":false},"author":1,"featured_media":424582,"comment_status":"","ping_status":"open","sticky":false,"template":"","format":"standard","meta":{"footnotes":""},"categories":[1170],"tags":[236,976,4808],"_links":{"self":[{"href":"https:\/\/wmmaa.org\/pt-pt\/wp-json\/wp\/v2\/posts\/424596"}],"collection":[{"href":"https:\/\/wmmaa.org\/pt-pt\/wp-json\/wp\/v2\/posts"}],"about":[{"href":"https:\/\/wmmaa.org\/pt-pt\/wp-json\/wp\/v2\/types\/post"}],"author":[{"embeddable":true,"href":"https:\/\/wmmaa.org\/pt-pt\/wp-json\/wp\/v2\/users\/1"}],"replies":[{"embeddable":true,"href":"https:\/\/wmmaa.org\/pt-pt\/wp-json\/wp\/v2\/comments?post=424596"}],"version-history":[{"count":0,"href":"https:\/\/wmmaa.org\/pt-pt\/wp-json\/wp\/v2\/posts\/424596\/revisions"}],"wp:featuredmedia":[{"embeddable":true,"href":"https:\/\/wmmaa.org\/pt-pt\/wp-json\/wp\/v2\/media\/424582"}],"wp:attachment":[{"href":"https:\/\/wmmaa.org\/pt-pt\/wp-json\/wp\/v2\/media?parent=424596"}],"wp:term":[{"taxonomy":"category","embeddable":true,"href":"https:\/\/wmmaa.org\/pt-pt\/wp-json\/wp\/v2\/categories?post=424596"},{"taxonomy":"post_tag","embeddable":true,"href":"https:\/\/wmmaa.org\/pt-pt\/wp-json\/wp\/v2\/tags?post=424596"}],"curies":[{"name":"wp","href":"https:\/\/api.w.org\/{rel}","templated":true}]}}