{"id":424417,"date":"2024-02-21T12:03:35","date_gmt":"2024-02-21T10:03:35","guid":{"rendered":"https:\/\/wmmaa.org\/alex-wolkanowski-indicou-um-calendario-para-o-seu-regresso-apos-a-derrota\/"},"modified":"2024-02-21T12:03:35","modified_gmt":"2024-02-21T10:03:35","slug":"alex-wolkanowski-indicou-um-calendario-para-o-seu-regresso-apos-a-derrota","status":"publish","type":"post","link":"https:\/\/wmmaa.org\/pt-pt\/alex-wolkanowski-indicou-um-calendario-para-o-seu-regresso-apos-a-derrota\/","title":{"rendered":"Alex Wolkanowski indicou um calend\u00e1rio para o seu regresso ap\u00f3s a derrota"},"content":{"rendered":"<div id=\"feat-img-reg\" class=\"relative\">\n <img decoding=\"async\" src=\"https:\/\/wmmaa.org\/wp-content\/uploads\/2024\/02\/Alex-Wolkanowski-named-a-timeline-for-his-return-from-defeat.jpg\" alt=\"Alex Volkanovski indica o calend\u00e1rio para o seu regresso ap\u00f3s a derrota\"><\/div>\n<div class=\"itemIntroText\">\n<p>Depois de perder cedo para Elijah Topuria, o ex-campe\u00e3o dos pesos-penas do UFC Alexander Volkanovski ainda espera uma revanche com o novo campe\u00e3o da divis\u00e3o, que est\u00e1 marcada para o final deste ano.<\/p>\n<\/p>\n<\/div>\n<div class=\"itemFullText\">\n<blockquote>\n<p>&#8220;Vai ser diferente da pr\u00f3xima vez, mas antes disso vou descansar um pouco&#8221;, disse o australiano num v\u00eddeo publicado no seu canal do Youtube. &#8220;Eu definitivamente quero essa revanche. O torneio do UFC em Espanha, no que me diz respeito, vai acontecer. Dana quer Espanha, Elijah obviamente tamb\u00e9m quer Espanha&#8221;.<\/p>\n<p>&#8220;Provavelmente n\u00e3o vai acontecer at\u00e9 o final do ano, na melhor das hip\u00f3teses. Por isso, para mim, \u00e9 a altura ideal para passar algum tempo com a minha fam\u00edlia, descansar, voltar ao normal e depois voltamos. Agora vamos fazer tudo bem e vou recuperar o meu t\u00edtulo. Registe as minhas palavras&#8221;.<\/p>\n<\/blockquote>\n<p>O combate pelo t\u00edtulo de pesos-penas entre Alexander Volkanovski e Elijah Topuria, que foi o cabe\u00e7a de cartaz do evento UFC 298 do passado fim de semana em Anaheim, terminou no segundo assalto com uma derrota por nocaute para o australiano.<\/p>\n<\/p>\n<\/div>\n<p class=\"source-link\">Fonte: https:\/\/fighttime.ru\/news\/item\/33982-aleks-volkanovski-nazval-sroki-vozvrashcheniya-posle-porazheniya.html?rand=19907<\/p>\n","protected":false},"excerpt":{"rendered":"<p>Depois de perder cedo para Elijah Topuria, o ex-campe\u00e3o dos pesos-penas do UFC Alexander Volkanovski ainda espera uma revanche com o novo campe\u00e3o da divis\u00e3o, que est\u00e1 marcada para o final deste ano. &#8220;Vai ser diferente da pr\u00f3xima vez, mas antes disso vou descansar um pouco&#8221;, disse o australiano num v\u00eddeo publicado no seu canal [&hellip;]<\/p>\n","protected":false},"author":1,"featured_media":424402,"comment_status":"","ping_status":"open","sticky":false,"template":"","format":"standard","meta":{"footnotes":""},"categories":[1170],"tags":[326,1467,4938],"_links":{"self":[{"href":"https:\/\/wmmaa.org\/pt-pt\/wp-json\/wp\/v2\/posts\/424417"}],"collection":[{"href":"https:\/\/wmmaa.org\/pt-pt\/wp-json\/wp\/v2\/posts"}],"about":[{"href":"https:\/\/wmmaa.org\/pt-pt\/wp-json\/wp\/v2\/types\/post"}],"author":[{"embeddable":true,"href":"https:\/\/wmmaa.org\/pt-pt\/wp-json\/wp\/v2\/users\/1"}],"replies":[{"embeddable":true,"href":"https:\/\/wmmaa.org\/pt-pt\/wp-json\/wp\/v2\/comments?post=424417"}],"version-history":[{"count":0,"href":"https:\/\/wmmaa.org\/pt-pt\/wp-json\/wp\/v2\/posts\/424417\/revisions"}],"wp:featuredmedia":[{"embeddable":true,"href":"https:\/\/wmmaa.org\/pt-pt\/wp-json\/wp\/v2\/media\/424402"}],"wp:attachment":[{"href":"https:\/\/wmmaa.org\/pt-pt\/wp-json\/wp\/v2\/media?parent=424417"}],"wp:term":[{"taxonomy":"category","embeddable":true,"href":"https:\/\/wmmaa.org\/pt-pt\/wp-json\/wp\/v2\/categories?post=424417"},{"taxonomy":"post_tag","embeddable":true,"href":"https:\/\/wmmaa.org\/pt-pt\/wp-json\/wp\/v2\/tags?post=424417"}],"curies":[{"name":"wp","href":"https:\/\/api.w.org\/{rel}","templated":true}]}}