{"id":423373,"date":"2024-02-15T08:40:59","date_gmt":"2024-02-15T06:40:59","guid":{"rendered":"https:\/\/wmmaa.org\/henry-sehudo-podera-por-termo-a-sua-carreira-apos-o-combate-com-merab-dvalishvili\/"},"modified":"2024-02-15T08:40:59","modified_gmt":"2024-02-15T06:40:59","slug":"henry-sehudo-podera-por-termo-a-sua-carreira-apos-o-combate-com-merab-dvalishvili","status":"publish","type":"post","link":"https:\/\/wmmaa.org\/pt-pt\/henry-sehudo-podera-por-termo-a-sua-carreira-apos-o-combate-com-merab-dvalishvili\/","title":{"rendered":"Henry Sehudo poder\u00e1 p\u00f4r termo \u00e0 sua carreira ap\u00f3s o combate com Merab Dvalishvili"},"content":{"rendered":"<div id=\"feat-img-reg\" class=\"relative\">\n <img decoding=\"async\" src=\"https:\/\/wmmaa.org\/wp-content\/uploads\/2024\/02\/Henry-Sehudo-may-end-his-career-after-his-fight-with.jpg\" alt=\"Henry Sekhudo pode terminar a sua carreira depois do seu combate com Merab Dvalishvili\"><\/div>\n<div class=\"itemIntroText\">\n<p>Se Henry Cejudo for derrotado este fim de semana contra Merab Dvalishvili, o ex-campe\u00e3o de pesos-galos da UFC terminar\u00e1 finalmente a sua carreira profissional.<\/p>\n<\/p>\n<\/div>\n<div class=\"itemFullText\">\n<blockquote>\n<p>&#8220;\u00c9 tudo ou nada aqui&#8221;, disse o &#8220;Campe\u00e3o da Tripla Coroa&#8221; enquanto falava aos rep\u00f3rteres em Anaheim. &#8220;J\u00e1 disse \u00e0 equipa &#8211; ou ganho ou deixo de o fazer e depois vou-me embora. Estou acabado. Levo o desporto muito a s\u00e9rio, por isso h\u00e1 uma certa press\u00e3o. J\u00e1 fiz tudo o que havia para fazer. Que mais tenho de provar? Neste momento, a minha motiva\u00e7\u00e3o est\u00e1 dilu\u00edda com um pouco de raiva e estou um pouco zangado comigo pr\u00f3prio, mas continuo motivado&#8221;.<\/p>\n<p>&#8220;Sim, se perder, estou 100% reformado. N\u00e3o vou continuar a lutar s\u00f3 pelo processo em si. Sou demasiado competitivo para isso. Quero ser o melhor do mundo. Quero esse cintur\u00e3o, e outro, no peso pluma. Se n\u00e3o o conseguir, ent\u00e3o n\u00e3o preciso de mais nada&#8221;.<\/p>\n<\/blockquote>\n<p>Como lembrete, uma potencial luta de peso pena entre Henry Cejudo e Merab Dvalishvili ter\u00e1 lugar em 17 de fevereiro no UFC 298 em Anaheim.<\/p>\n<\/p>\n<\/div>\n<p class=\"source-link\">Fonte: https:\/\/fighttime.ru\/news\/item\/33920-genri-sekhudo-mozhet-zavershit-kareru-posle-boya-s-merabom-dvalishvili.html?rand=19907<\/p>\n","protected":false},"excerpt":{"rendered":"<p>Se Henry Cejudo for derrotado este fim de semana contra Merab Dvalishvili, o ex-campe\u00e3o de pesos-galos da UFC terminar\u00e1 finalmente a sua carreira profissional. &#8220;\u00c9 tudo ou nada aqui&#8221;, disse o &#8220;Campe\u00e3o da Tripla Coroa&#8221; enquanto falava aos rep\u00f3rteres em Anaheim. &#8220;J\u00e1 disse \u00e0 equipa &#8211; ou ganho ou deixo de o fazer e depois [&hellip;]<\/p>\n","protected":false},"author":1,"featured_media":423363,"comment_status":"","ping_status":"open","sticky":false,"template":"","format":"standard","meta":{"footnotes":""},"categories":[1170],"tags":[14,552],"_links":{"self":[{"href":"https:\/\/wmmaa.org\/pt-pt\/wp-json\/wp\/v2\/posts\/423373"}],"collection":[{"href":"https:\/\/wmmaa.org\/pt-pt\/wp-json\/wp\/v2\/posts"}],"about":[{"href":"https:\/\/wmmaa.org\/pt-pt\/wp-json\/wp\/v2\/types\/post"}],"author":[{"embeddable":true,"href":"https:\/\/wmmaa.org\/pt-pt\/wp-json\/wp\/v2\/users\/1"}],"replies":[{"embeddable":true,"href":"https:\/\/wmmaa.org\/pt-pt\/wp-json\/wp\/v2\/comments?post=423373"}],"version-history":[{"count":0,"href":"https:\/\/wmmaa.org\/pt-pt\/wp-json\/wp\/v2\/posts\/423373\/revisions"}],"wp:featuredmedia":[{"embeddable":true,"href":"https:\/\/wmmaa.org\/pt-pt\/wp-json\/wp\/v2\/media\/423363"}],"wp:attachment":[{"href":"https:\/\/wmmaa.org\/pt-pt\/wp-json\/wp\/v2\/media?parent=423373"}],"wp:term":[{"taxonomy":"category","embeddable":true,"href":"https:\/\/wmmaa.org\/pt-pt\/wp-json\/wp\/v2\/categories?post=423373"},{"taxonomy":"post_tag","embeddable":true,"href":"https:\/\/wmmaa.org\/pt-pt\/wp-json\/wp\/v2\/tags?post=423373"}],"curies":[{"name":"wp","href":"https:\/\/api.w.org\/{rel}","templated":true}]}}