{"id":421622,"date":"2024-02-03T21:08:13","date_gmt":"2024-02-03T19:08:13","guid":{"rendered":"https:\/\/wmmaa.org\/oleksandr-usik-encontrou-um-novo-adversario\/"},"modified":"2024-02-03T21:08:13","modified_gmt":"2024-02-03T19:08:13","slug":"oleksandr-usik-encontrou-um-novo-adversario","status":"publish","type":"post","link":"https:\/\/wmmaa.org\/pt-pt\/oleksandr-usik-encontrou-um-novo-adversario\/","title":{"rendered":"Oleksandr Usik encontrou um novo advers\u00e1rio"},"content":{"rendered":"<div id=\"feat-img-reg\" class=\"relative\">\n <img decoding=\"async\" src=\"https:\/\/wmmaa.org\/wp-content\/uploads\/2024\/02\/Oleksandr-Usik-has-been-found-a-new-opponent.jpg\" alt=\"Oleksandr Usik encontrou um novo advers\u00e1rio\"><\/div>\n<div class=\"itemIntroText\">\n<p>Apesar de Tyson Fury ter desistido da luta pelo t\u00edtulo de campe\u00e3o mundial absoluto de boxe de pesos pesados contra Oleksandr Usik, o pugilista ucraniano tenciona entrar no ringue a 17 de fevereiro.<\/p>\n<\/p>\n<\/div>\n<div class=\"itemFullText\">\n<p>De acordo com o promotor de Usik, Alex Krasiuk, dentro de duas semanas o seu pupilo poder\u00e1 encontrar-se em Riade com o croata Filip Hrgovic, que \u00e9 o advers\u00e1rio obrigat\u00f3rio do ucraniano pelo t\u00edtulo mundial da IBF.<\/p>\n<blockquote>\n<p>&#8220;Usik vai lutar no dia 17? Estamos a trabalhar nisso e, nos pr\u00f3ximos dias, tomaremos uma decis\u00e3o final&#8221;, disse Krasiuk ao Independent. &#8220;Na verdade, s\u00f3 h\u00e1 uma op\u00e7\u00e3o, porque a IBF sancionou o combate pelo t\u00edtulo de campe\u00e3o do mundo absoluto com a condi\u00e7\u00e3o de que, depois dele, o campe\u00e3o fa\u00e7a uma defesa obrigat\u00f3ria contra Hrgovic. Isto significa que se o campe\u00e3o lutar contra outro, a IBF retirar-lhe-\u00e1 o cinto&#8221;<\/p>\n<\/blockquote>\n<p>Para al\u00e9m do t\u00edtulo da IBF, Oleksandr Usik det\u00e9m os cintur\u00f5es de campe\u00e3o da WBA, WBO e IBO, enquanto Tyson Fury \u00e9 o atual campe\u00e3o mundial de boxe de pesos pesados da WBC.<\/p>\n<p>Na v\u00e9spera do combate, soube-se que o pugilista brit\u00e2nico tinha sofrido uma grave dissec\u00e7\u00e3o acima do olho direito durante os treinos e que tinha desistido do combate. A equipa &#8220;Gypsy King&#8221; espera que o combate de unifica\u00e7\u00e3o com Usik seja adiado para abril ou maio.<\/p>\n<\/p>\n<\/div>\n<p class=\"source-link\">Fonte: https:\/\/fighttime.ru\/news\/item\/33822-aleksandru-usiku-nashli-novogo-sopernika.html?rand=19907<\/p>\n","protected":false},"excerpt":{"rendered":"<p>Apesar de Tyson Fury ter desistido da luta pelo t\u00edtulo de campe\u00e3o mundial absoluto de boxe de pesos pesados contra Oleksandr Usik, o pugilista ucraniano tenciona entrar no ringue a 17 de fevereiro. De acordo com o promotor de Usik, Alex Krasiuk, dentro de duas semanas o seu pupilo poder\u00e1 encontrar-se em Riade com o [&hellip;]<\/p>\n","protected":false},"author":1,"featured_media":421613,"comment_status":"","ping_status":"open","sticky":false,"template":"","format":"standard","meta":{"footnotes":""},"categories":[1170],"tags":[4754,5108,141],"_links":{"self":[{"href":"https:\/\/wmmaa.org\/pt-pt\/wp-json\/wp\/v2\/posts\/421622"}],"collection":[{"href":"https:\/\/wmmaa.org\/pt-pt\/wp-json\/wp\/v2\/posts"}],"about":[{"href":"https:\/\/wmmaa.org\/pt-pt\/wp-json\/wp\/v2\/types\/post"}],"author":[{"embeddable":true,"href":"https:\/\/wmmaa.org\/pt-pt\/wp-json\/wp\/v2\/users\/1"}],"replies":[{"embeddable":true,"href":"https:\/\/wmmaa.org\/pt-pt\/wp-json\/wp\/v2\/comments?post=421622"}],"version-history":[{"count":0,"href":"https:\/\/wmmaa.org\/pt-pt\/wp-json\/wp\/v2\/posts\/421622\/revisions"}],"wp:featuredmedia":[{"embeddable":true,"href":"https:\/\/wmmaa.org\/pt-pt\/wp-json\/wp\/v2\/media\/421613"}],"wp:attachment":[{"href":"https:\/\/wmmaa.org\/pt-pt\/wp-json\/wp\/v2\/media?parent=421622"}],"wp:term":[{"taxonomy":"category","embeddable":true,"href":"https:\/\/wmmaa.org\/pt-pt\/wp-json\/wp\/v2\/categories?post=421622"},{"taxonomy":"post_tag","embeddable":true,"href":"https:\/\/wmmaa.org\/pt-pt\/wp-json\/wp\/v2\/tags?post=421622"}],"curies":[{"name":"wp","href":"https:\/\/api.w.org\/{rel}","templated":true}]}}