{"id":420049,"date":"2024-01-24T17:44:52","date_gmt":"2024-01-24T15:44:52","guid":{"rendered":"https:\/\/wmmaa.org\/o-combate-entre-dominic-reyes-e-carlos-ulberg-foi-novamente-cancelado\/"},"modified":"2024-01-24T17:44:52","modified_gmt":"2024-01-24T15:44:52","slug":"o-combate-entre-dominic-reyes-e-carlos-ulberg-foi-novamente-cancelado","status":"publish","type":"post","link":"https:\/\/wmmaa.org\/pt-pt\/o-combate-entre-dominic-reyes-e-carlos-ulberg-foi-novamente-cancelado\/","title":{"rendered":"O combate entre Dominic Reyes e Carlos Ulberg foi novamente cancelado"},"content":{"rendered":"<div id=\"feat-img-reg\" class=\"relative\">\n <img decoding=\"async\" src=\"https:\/\/wmmaa.org\/wp-content\/uploads\/2024\/01\/The-Dominic-Reyes-and-Carlos-Ulberg-fight-has-been-canceled.jpg\" alt=\"Combate entre Dominic Reyes e Carlos Ulberg cancelado novamente\"><\/div>\n<div class=\"itemIntroText\">\n<p>A segunda tentativa de colocar Dominick Reyes e Carlos Ulberg juntos no oct\u00f3gono falhou, uma vez que o peso-m\u00e9dio americano desistiu do evento UFC on ESPN 54, a 30 de mar\u00e7o, em Atlantic City, por raz\u00f5es desconhecidas.<\/p>\n<\/p>\n<\/div>\n<div class=\"itemFullText\">\n<p>O seu lugar no card do evento ser\u00e1 ocupado por Alonzo Menifield, conforme anunciado oficialmente por representantes da organiza\u00e7\u00e3o.<\/p>\n<p>O combate entre Reyes e Ulberg estava inicialmente previsto para 20 de janeiro, no UFC 297, em Toronto, mas foi cancelado devido a uma les\u00e3o do lutador neozeland\u00eas.<\/p>\n<p>Carlos Ulberg, 33 anos, vem de uma sequ\u00eancia de cinco vit\u00f3rias consecutivas no UFC, finalizando Da Un Jang com um mata-le\u00e3o em sua \u00faltima luta.<\/p>\n<p>Alonzo Menifield, 36 anos, venceu duas lutas seguidas, finalizando Jimmy Krut por estrangulamento e derrotando Dustin Jacoby por decis\u00e3o un\u00e2nime.<\/p>\n<p>Alonzo Menifield ocupa atualmente o d\u00e9cimo segundo lugar no ranking de pesos-m\u00e9dios da UFC, enquanto Carlos Ulberg n\u00e3o est\u00e1 entre os 15 melhores lutadores da divis\u00e3o.<\/p>\n<\/p>\n<\/div>\n<p class=\"source-link\">Fonte: https:\/\/fighttime.ru\/news\/item\/33737-boj-dominika-rejesa-i-karlosa-ulberga-snova-otmenen.html?rand=19907<\/p>\n","protected":false},"excerpt":{"rendered":"<p>A segunda tentativa de colocar Dominick Reyes e Carlos Ulberg juntos no oct\u00f3gono falhou, uma vez que o peso-m\u00e9dio americano desistiu do evento UFC on ESPN 54, a 30 de mar\u00e7o, em Atlantic City, por raz\u00f5es desconhecidas. O seu lugar no card do evento ser\u00e1 ocupado por Alonzo Menifield, conforme anunciado oficialmente por representantes da [&hellip;]<\/p>\n","protected":false},"author":1,"featured_media":420039,"comment_status":"","ping_status":"open","sticky":false,"template":"","format":"standard","meta":{"footnotes":""},"categories":[1170],"tags":[4954,5052],"_links":{"self":[{"href":"https:\/\/wmmaa.org\/pt-pt\/wp-json\/wp\/v2\/posts\/420049"}],"collection":[{"href":"https:\/\/wmmaa.org\/pt-pt\/wp-json\/wp\/v2\/posts"}],"about":[{"href":"https:\/\/wmmaa.org\/pt-pt\/wp-json\/wp\/v2\/types\/post"}],"author":[{"embeddable":true,"href":"https:\/\/wmmaa.org\/pt-pt\/wp-json\/wp\/v2\/users\/1"}],"replies":[{"embeddable":true,"href":"https:\/\/wmmaa.org\/pt-pt\/wp-json\/wp\/v2\/comments?post=420049"}],"version-history":[{"count":0,"href":"https:\/\/wmmaa.org\/pt-pt\/wp-json\/wp\/v2\/posts\/420049\/revisions"}],"wp:featuredmedia":[{"embeddable":true,"href":"https:\/\/wmmaa.org\/pt-pt\/wp-json\/wp\/v2\/media\/420039"}],"wp:attachment":[{"href":"https:\/\/wmmaa.org\/pt-pt\/wp-json\/wp\/v2\/media?parent=420049"}],"wp:term":[{"taxonomy":"category","embeddable":true,"href":"https:\/\/wmmaa.org\/pt-pt\/wp-json\/wp\/v2\/categories?post=420049"},{"taxonomy":"post_tag","embeddable":true,"href":"https:\/\/wmmaa.org\/pt-pt\/wp-json\/wp\/v2\/tags?post=420049"}],"curies":[{"name":"wp","href":"https:\/\/api.w.org\/{rel}","templated":true}]}}