{"id":419558,"date":"2024-01-21T16:41:55","date_gmt":"2024-01-21T14:41:55","guid":{"rendered":"https:\/\/wmmaa.org\/israel-adesanya-respondeu-ao-desafio-de-dricus-du-plessis\/"},"modified":"2024-01-21T16:41:55","modified_gmt":"2024-01-21T14:41:55","slug":"israel-adesanya-respondeu-ao-desafio-de-dricus-du-plessis","status":"publish","type":"post","link":"https:\/\/wmmaa.org\/pt-pt\/israel-adesanya-respondeu-ao-desafio-de-dricus-du-plessis\/","title":{"rendered":"Israel Adesanya respondeu ao desafio de Dricus Du Plessis"},"content":{"rendered":"<div id=\"feat-img-reg\" class=\"relative\">\n <img decoding=\"async\" src=\"https:\/\/wmmaa.org\/wp-content\/uploads\/2024\/01\/Israel-Adesanya-answered-the-challenge-of-Dricus-Du-Plessis.jpg\" alt=\"Israel Adesanya responde ao desafio de Dricus Du Plessis\"><\/div>\n<div class=\"itemIntroText\">\n<p>O antigo detentor do t\u00edtulo de pesos-m\u00e9dios da UFC, Israel Adesanya, est\u00e1 pronto para partilhar o oct\u00f3gono com o novo campe\u00e3o da divis\u00e3o, Dricus Du Plessis, que o desafiou depois de tirar o cinto a Sean Strickland.<\/p>\n<\/p>\n<\/div>\n<div class=\"itemFullText\">\n<blockquote>\n<p>&#8220;Este arco da minha hist\u00f3ria foi escrito h\u00e1 muito tempo. Os nossos caminhos est\u00e3o destinados a cruzar-se novamente. Aguardo ansiosamente o pr\u00f3ximo epis\u00f3dio, obrigado por assistirem. Estamos a escrever hist\u00f3ria!&#8221;, escreveu o nigeriano nas redes sociais, publicando um excerto de uma sess\u00e3o de treino conjunta com o sul-africano de h\u00e1 oito anos.<\/p>\n<\/blockquote>\n<p>O combate pelo t\u00edtulo entre Strickland e Du Plessis, que marcou o UFC 297 em Toronto, durou toda a dist\u00e2ncia e terminou com a derrota do americano por decis\u00e3o dividida.<\/p>\n<p>O chefe do UFC, Dana White, disse na confer\u00eancia de imprensa ap\u00f3s o evento que, na sua opini\u00e3o, Strickland venceu o combate, mas descartou a possibilidade de o ex-campe\u00e3o ter uma desforra imediata.<\/p>\n<p>Ao mesmo tempo, o dirigente da organiza\u00e7\u00e3o evitou responder diretamente \u00e0 quest\u00e3o de quem ser\u00e1 o pr\u00f3ximo advers\u00e1rio do novo campe\u00e3o &#8211; Israel Adesanya ou Hamzat Chimaev, que conseguiu desafiar o representante da \u00c1frica do Sul.<\/p>\n<p>O potencial confronto entre Adesanya e Du Plessis \u00e9 intrigado por um conflito pessoal que surgiu depois de o sul-africano ter prometido tornar-se o primeiro verdadeiro campe\u00e3o africano da UFC, questionando a identidade africana do nigeriano radicado na Nova Zel\u00e2ndia.<\/p>\n<\/p>\n<\/div>\n<p class=\"source-link\">Fonte: https:\/\/fighttime.ru\/news\/item\/33710-israel-adesanya-otvetil-na-vyzov-drikusa-dyu-plessi.html?rand=19907<\/p>\n","protected":false},"excerpt":{"rendered":"<p>O antigo detentor do t\u00edtulo de pesos-m\u00e9dios da UFC, Israel Adesanya, est\u00e1 pronto para partilhar o oct\u00f3gono com o novo campe\u00e3o da divis\u00e3o, Dricus Du Plessis, que o desafiou depois de tirar o cinto a Sean Strickland. &#8220;Este arco da minha hist\u00f3ria foi escrito h\u00e1 muito tempo. Os nossos caminhos est\u00e3o destinados a cruzar-se novamente. [&hellip;]<\/p>\n","protected":false},"author":1,"featured_media":419544,"comment_status":"","ping_status":"open","sticky":false,"template":"","format":"standard","meta":{"footnotes":""},"categories":[1170],"tags":[4669,19],"_links":{"self":[{"href":"https:\/\/wmmaa.org\/pt-pt\/wp-json\/wp\/v2\/posts\/419558"}],"collection":[{"href":"https:\/\/wmmaa.org\/pt-pt\/wp-json\/wp\/v2\/posts"}],"about":[{"href":"https:\/\/wmmaa.org\/pt-pt\/wp-json\/wp\/v2\/types\/post"}],"author":[{"embeddable":true,"href":"https:\/\/wmmaa.org\/pt-pt\/wp-json\/wp\/v2\/users\/1"}],"replies":[{"embeddable":true,"href":"https:\/\/wmmaa.org\/pt-pt\/wp-json\/wp\/v2\/comments?post=419558"}],"version-history":[{"count":0,"href":"https:\/\/wmmaa.org\/pt-pt\/wp-json\/wp\/v2\/posts\/419558\/revisions"}],"wp:featuredmedia":[{"embeddable":true,"href":"https:\/\/wmmaa.org\/pt-pt\/wp-json\/wp\/v2\/media\/419544"}],"wp:attachment":[{"href":"https:\/\/wmmaa.org\/pt-pt\/wp-json\/wp\/v2\/media?parent=419558"}],"wp:term":[{"taxonomy":"category","embeddable":true,"href":"https:\/\/wmmaa.org\/pt-pt\/wp-json\/wp\/v2\/categories?post=419558"},{"taxonomy":"post_tag","embeddable":true,"href":"https:\/\/wmmaa.org\/pt-pt\/wp-json\/wp\/v2\/tags?post=419558"}],"curies":[{"name":"wp","href":"https:\/\/api.w.org\/{rel}","templated":true}]}}