{"id":419524,"date":"2024-01-21T11:17:53","date_gmt":"2024-01-21T09:17:53","guid":{"rendered":"https:\/\/wmmaa.org\/sean-strickland-emitiu-uma-declaracao-apos-a-derrota\/"},"modified":"2024-01-21T11:17:53","modified_gmt":"2024-01-21T09:17:53","slug":"sean-strickland-emitiu-uma-declaracao-apos-a-derrota","status":"publish","type":"post","link":"https:\/\/wmmaa.org\/pt-pt\/sean-strickland-emitiu-uma-declaracao-apos-a-derrota\/","title":{"rendered":"Sean Strickland emitiu uma declara\u00e7\u00e3o ap\u00f3s a derrota"},"content":{"rendered":"<div id=\"feat-img-reg\" class=\"relative\">\n <img decoding=\"async\" src=\"https:\/\/wmmaa.org\/wp-content\/uploads\/2024\/01\/Sean-Strickland-issued-a-statement-after-the-defeat.jpg\" alt=\"Sean Strickland emitiu uma declara\u00e7\u00e3o ap\u00f3s a derrota\"><\/div>\n<div class=\"itemIntroText\">\n<p>O ex-campe\u00e3o dos pesos-m\u00e9dios do UFC, Sean Strickland, que perdeu o t\u00edtulo contra Dricus Du Plessis, acredita que fez o suficiente para vencer e tamb\u00e9m afirma que sofreu uma grave disseca\u00e7\u00e3o por pontap\u00e9 na cabe\u00e7a no quarto assalto.<\/p>\n<\/p>\n<\/div>\n<div class=\"itemFullText\">\n<blockquote>\n<p>&#8220;Aquele pontap\u00e9 na cabe\u00e7a prejudicou seriamente a minha visibilidade, mas pensei que tinha feito o meu trabalho&#8221;, escreveu o americano nas redes sociais. &#8220;Bem, nada, vamos em frente. Obrigado a todos os que me apoiaram&#8221;.<\/p>\n<p>&#8220;Tentei o meu melhor para chegar a Valhalla e agora preciso de um duche&#8221;, acrescentou.<\/p>\n<\/blockquote>\n<p>O americano tamb\u00e9m postou um v\u00eddeo onde o chefe do UFC, Dana White, fala sobre como ele acredita que \u00e9 o vencedor desta luta.<\/p>\n<p>Recorde-se que a luta pelo t\u00edtulo, que encabe\u00e7ou o torneio UFC 297 em Toronto, durou os cinco rounds e terminou numa decis\u00e3o dividida com o resultado 47-48 e 48-47 duas vezes a favor do lutador sul-africano.<\/p>\n<\/p>\n<\/div>\n<p class=\"source-link\">Fonte: https:\/\/fighttime.ru\/news\/item\/33708-shon-striklend-sdelal-zayavlenie-posle-porazheniya.html?rand=19907<\/p>\n","protected":false},"excerpt":{"rendered":"<p>O ex-campe\u00e3o dos pesos-m\u00e9dios do UFC, Sean Strickland, que perdeu o t\u00edtulo contra Dricus Du Plessis, acredita que fez o suficiente para vencer e tamb\u00e9m afirma que sofreu uma grave disseca\u00e7\u00e3o por pontap\u00e9 na cabe\u00e7a no quarto assalto. &#8220;Aquele pontap\u00e9 na cabe\u00e7a prejudicou seriamente a minha visibilidade, mas pensei que tinha feito o meu trabalho&#8221;, [&hellip;]<\/p>\n","protected":false},"author":1,"featured_media":419508,"comment_status":"","ping_status":"open","sticky":false,"template":"","format":"standard","meta":{"footnotes":""},"categories":[1170],"tags":[4669,386],"_links":{"self":[{"href":"https:\/\/wmmaa.org\/pt-pt\/wp-json\/wp\/v2\/posts\/419524"}],"collection":[{"href":"https:\/\/wmmaa.org\/pt-pt\/wp-json\/wp\/v2\/posts"}],"about":[{"href":"https:\/\/wmmaa.org\/pt-pt\/wp-json\/wp\/v2\/types\/post"}],"author":[{"embeddable":true,"href":"https:\/\/wmmaa.org\/pt-pt\/wp-json\/wp\/v2\/users\/1"}],"replies":[{"embeddable":true,"href":"https:\/\/wmmaa.org\/pt-pt\/wp-json\/wp\/v2\/comments?post=419524"}],"version-history":[{"count":0,"href":"https:\/\/wmmaa.org\/pt-pt\/wp-json\/wp\/v2\/posts\/419524\/revisions"}],"wp:featuredmedia":[{"embeddable":true,"href":"https:\/\/wmmaa.org\/pt-pt\/wp-json\/wp\/v2\/media\/419508"}],"wp:attachment":[{"href":"https:\/\/wmmaa.org\/pt-pt\/wp-json\/wp\/v2\/media?parent=419524"}],"wp:term":[{"taxonomy":"category","embeddable":true,"href":"https:\/\/wmmaa.org\/pt-pt\/wp-json\/wp\/v2\/categories?post=419524"},{"taxonomy":"post_tag","embeddable":true,"href":"https:\/\/wmmaa.org\/pt-pt\/wp-json\/wp\/v2\/tags?post=419524"}],"curies":[{"name":"wp","href":"https:\/\/api.w.org\/{rel}","templated":true}]}}