{"id":417551,"date":"2024-01-08T10:50:23","date_gmt":"2024-01-08T08:50:23","guid":{"rendered":"https:\/\/wmmaa.org\/?p=417551"},"modified":"2024-01-08T10:50:23","modified_gmt":"2024-01-08T08:50:23","slug":"alexander-gustafsson-esta-pronto-para-retomar-a-sua-carreira","status":"publish","type":"post","link":"https:\/\/wmmaa.org\/pt-pt\/alexander-gustafsson-esta-pronto-para-retomar-a-sua-carreira\/","title":{"rendered":"Alexander Gustafsson est\u00e1 pronto para retomar a sua carreira"},"content":{"rendered":"<div id=\"feat-img-reg\" class=\"relative\">\n <img decoding=\"async\" src=\"https:\/\/wmmaa.org\/wp-content\/uploads\/2024\/01\/Alexander-Gustafsson-is-ready-to-resume-his-career.jpg\" alt=\"Alexander Gustafsson pronto para retomar a sua carreira\"><\/div>\n<div class=\"itemIntroText\">\n<p>Alexander Gustafsson, ex-desafiante ao t\u00edtulo de pesos-galos do UFC, retomou os treinos e n\u00e3o descarta a possibilidade de voltar ao oct\u00f3gono.<\/p>\n<\/p>\n<\/div>\n<div class=\"itemFullText\">\n<blockquote>\n<p>&#8220;Vou passar mais tempo no gin\u00e1sio, concentrar-me no treino e ficar em forma&#8221;, disse o lutador sueco de 36 anos ao Frontkick Online. &#8220;Adoro este jogo. Estou entusiasmado por voltar ao gin\u00e1sio e fazer o que gosto de fazer.&#8221;<\/p>\n<p>&#8220;Ainda n\u00e3o estou a pensar em lutar, s\u00f3 o tempo o dir\u00e1. Se receber uma proposta, vou concentrar-me em como me sinto e partir da\u00ed. Estou no UFC desde 2009 e tenho um contrato ativo com a organiza\u00e7\u00e3o. Ainda estou no ativo. Se eu lutar, ser\u00e1 no UFC&#8221;.<\/p>\n<\/blockquote>\n<p>Em julho de 2022, Alexander Gustafsson voltou ao oct\u00f3gono ap\u00f3s um hiato de dois anos e sofreu outra derrota, perdendo por nocaute no primeiro round para Nikita Krylov.<\/p>\n<p>Em novembro passado, o peso-m\u00e9dio desistiu do seu combate com Ovince St. Preux, que estava agendado para o UFC 282 em Las Vegas, por uma raz\u00e3o desconhecida e tem estado fora de a\u00e7\u00e3o nas \u00faltimas duas semanas.<\/p>\n<\/p>\n<\/div>\n<p class=\"source-link\">Fonte: https:\/\/fighttime.ru\/news\/item\/33596-aleksandr-gustafsson-gotov-vozobnovit-kareru.html?rand=19907<\/p>\n","protected":false},"excerpt":{"rendered":"<p>Alexander Gustafsson, ex-desafiante ao t\u00edtulo de pesos-galos do UFC, retomou os treinos e n\u00e3o descarta a possibilidade de voltar ao oct\u00f3gono. &#8220;Vou passar mais tempo no gin\u00e1sio, concentrar-me no treino e ficar em forma&#8221;, disse o lutador sueco de 36 anos ao Frontkick Online. &#8220;Adoro este jogo. Estou entusiasmado por voltar ao gin\u00e1sio e fazer [&hellip;]<\/p>\n","protected":false},"author":1,"featured_media":417538,"comment_status":"closed","ping_status":"open","sticky":false,"template":"","format":"standard","meta":{"footnotes":""},"categories":[1170],"tags":[1731],"_links":{"self":[{"href":"https:\/\/wmmaa.org\/pt-pt\/wp-json\/wp\/v2\/posts\/417551"}],"collection":[{"href":"https:\/\/wmmaa.org\/pt-pt\/wp-json\/wp\/v2\/posts"}],"about":[{"href":"https:\/\/wmmaa.org\/pt-pt\/wp-json\/wp\/v2\/types\/post"}],"author":[{"embeddable":true,"href":"https:\/\/wmmaa.org\/pt-pt\/wp-json\/wp\/v2\/users\/1"}],"replies":[{"embeddable":true,"href":"https:\/\/wmmaa.org\/pt-pt\/wp-json\/wp\/v2\/comments?post=417551"}],"version-history":[{"count":0,"href":"https:\/\/wmmaa.org\/pt-pt\/wp-json\/wp\/v2\/posts\/417551\/revisions"}],"wp:featuredmedia":[{"embeddable":true,"href":"https:\/\/wmmaa.org\/pt-pt\/wp-json\/wp\/v2\/media\/417538"}],"wp:attachment":[{"href":"https:\/\/wmmaa.org\/pt-pt\/wp-json\/wp\/v2\/media?parent=417551"}],"wp:term":[{"taxonomy":"category","embeddable":true,"href":"https:\/\/wmmaa.org\/pt-pt\/wp-json\/wp\/v2\/categories?post=417551"},{"taxonomy":"post_tag","embeddable":true,"href":"https:\/\/wmmaa.org\/pt-pt\/wp-json\/wp\/v2\/tags?post=417551"}],"curies":[{"name":"wp","href":"https:\/\/api.w.org\/{rel}","templated":true}]}}