{"id":417490,"date":"2024-01-07T22:16:05","date_gmt":"2024-01-07T20:16:05","guid":{"rendered":"https:\/\/wmmaa.org\/alexander-emelianenko-aceitou-uma-doacao-de-uma-reliquia-islamica\/"},"modified":"2024-01-07T22:16:05","modified_gmt":"2024-01-07T20:16:05","slug":"alexander-emelianenko-aceitou-uma-doacao-de-uma-reliquia-islamica","status":"publish","type":"post","link":"https:\/\/wmmaa.org\/pt-pt\/alexander-emelianenko-aceitou-uma-doacao-de-uma-reliquia-islamica\/","title":{"rendered":"Alexander Emelianenko aceitou uma doa\u00e7\u00e3o de uma rel\u00edquia isl\u00e2mica"},"content":{"rendered":"<div id=\"feat-img-reg\" class=\"relative\">\n <img decoding=\"async\" src=\"https:\/\/wmmaa.org\/wp-content\/uploads\/2024\/01\/Alexander-Emelianenko-accepted-a-donation-of-an-Islamic-relic.jpg\" alt=\"Alexander Emelianenko aceitou uma doa\u00e7\u00e3o de uma rel\u00edquia isl\u00e2mica\"><\/div>\n<div class=\"itemIntroText\">\n<p>O popular peso pesado russo Alexander Emelianenko confirmou a informa\u00e7\u00e3o de que se converteu ao Isl\u00e3o.<\/p>\n<\/p>\n<\/div>\n<div class=\"itemFullText\">\n<p>Ap\u00f3s uma s\u00e9rie de v\u00eddeos sobre a visita \u00e0 &#8220;Mesquita do Profeta&#8221; em Medina e a escolha de um nome \u00e1rabe, o lutador publicou um v\u00eddeo em que lhe \u00e9 dado um peda\u00e7o de pano que cobre a Kaaba com uma sura do Cor\u00e3o bordada com fios de ouro.<\/p>\n<\/p>\n<p>O doador chama ao russo um irm\u00e3o e refere que, para os mu\u00e7ulmanos, esta rel\u00edquia n\u00e3o tem pre\u00e7o.<\/p>\n<blockquote>\n<p>&#8220;Obrigado por esta prenda sem pre\u00e7o!&#8221;, escreveu Emelianenko num coment\u00e1rio.<\/p>\n<\/blockquote>\n<p>A informa\u00e7\u00e3o anterior de que Emelianenko se converteu ao Isl\u00e3o foi confirmada pelo treinador principal do clube Universal Fighters, Rasul Magomedaliev.<\/p>\n<p>Recorde-se que Alexander Emelianenko, de 42 anos, passou os \u00faltimos seis meses no centro de reabilita\u00e7\u00e3o &#8220;Iman&#8221;, na Inguch\u00e9tia, onde foi tratado da depend\u00eancia do \u00e1lcool. Ao mesmo tempo, o empres\u00e1rio do lutador, Nikita Burchak, afirma que j\u00e1 est\u00e3o agendados tr\u00eas combates para este ano.<\/p>\n<\/p>\n<\/div>\n<p class=\"source-link\">Fonte: https:\/\/fighttime.ru\/news\/item\/33592-aleksandr-emelyanenko-prinyal-v-dar-islamskuyu-relikviyu.html?rand=19907<\/p>\n","protected":false},"excerpt":{"rendered":"<p>O popular peso pesado russo Alexander Emelianenko confirmou a informa\u00e7\u00e3o de que se converteu ao Isl\u00e3o. Ap\u00f3s uma s\u00e9rie de v\u00eddeos sobre a visita \u00e0 &#8220;Mesquita do Profeta&#8221; em Medina e a escolha de um nome \u00e1rabe, o lutador publicou um v\u00eddeo em que lhe \u00e9 dado um peda\u00e7o de pano que cobre a Kaaba [&hellip;]<\/p>\n","protected":false},"author":1,"featured_media":417475,"comment_status":"","ping_status":"open","sticky":false,"template":"","format":"standard","meta":{"footnotes":""},"categories":[1170],"tags":[106],"_links":{"self":[{"href":"https:\/\/wmmaa.org\/pt-pt\/wp-json\/wp\/v2\/posts\/417490"}],"collection":[{"href":"https:\/\/wmmaa.org\/pt-pt\/wp-json\/wp\/v2\/posts"}],"about":[{"href":"https:\/\/wmmaa.org\/pt-pt\/wp-json\/wp\/v2\/types\/post"}],"author":[{"embeddable":true,"href":"https:\/\/wmmaa.org\/pt-pt\/wp-json\/wp\/v2\/users\/1"}],"replies":[{"embeddable":true,"href":"https:\/\/wmmaa.org\/pt-pt\/wp-json\/wp\/v2\/comments?post=417490"}],"version-history":[{"count":0,"href":"https:\/\/wmmaa.org\/pt-pt\/wp-json\/wp\/v2\/posts\/417490\/revisions"}],"wp:featuredmedia":[{"embeddable":true,"href":"https:\/\/wmmaa.org\/pt-pt\/wp-json\/wp\/v2\/media\/417475"}],"wp:attachment":[{"href":"https:\/\/wmmaa.org\/pt-pt\/wp-json\/wp\/v2\/media?parent=417490"}],"wp:term":[{"taxonomy":"category","embeddable":true,"href":"https:\/\/wmmaa.org\/pt-pt\/wp-json\/wp\/v2\/categories?post=417490"},{"taxonomy":"post_tag","embeddable":true,"href":"https:\/\/wmmaa.org\/pt-pt\/wp-json\/wp\/v2\/tags?post=417490"}],"curies":[{"name":"wp","href":"https:\/\/api.w.org\/{rel}","templated":true}]}}