{"id":416903,"date":"2024-01-03T19:48:37","date_gmt":"2024-01-03T17:48:37","guid":{"rendered":"https:\/\/wmmaa.org\/dustin-puryear-classificou-a-probabilidade-de-um-combate-com-nate-diaz-como-provavel\/"},"modified":"2024-01-03T19:48:37","modified_gmt":"2024-01-03T17:48:37","slug":"dustin-puryear-classificou-a-probabilidade-de-um-combate-com-nate-diaz-como-provavel","status":"publish","type":"post","link":"https:\/\/wmmaa.org\/pt-pt\/dustin-puryear-classificou-a-probabilidade-de-um-combate-com-nate-diaz-como-provavel\/","title":{"rendered":"Dustin Puryear classificou a probabilidade de um combate com Nate Diaz como prov\u00e1vel"},"content":{"rendered":"<div id=\"feat-img-reg\" class=\"relative\">\n <img decoding=\"async\" src=\"https:\/\/wmmaa.org\/wp-content\/uploads\/2024\/01\/Dustin-Puryear-has-rated-the-likelihood-of-a-fight-with.jpg\" alt=\"Dustin Porier avaliou a probabilidade de um combate com Nate Diaz\"><\/div>\n<div class=\"itemIntroText\">\n<p>O ex-campe\u00e3o interino dos pesos leves do UFC, Dustin Porier, que planeja competir no UFC 300, comentou os rumores de que seu advers\u00e1rio poderia ser Nate Diaz.<\/p>\n<\/p>\n<\/div>\n<div class=\"itemFullText\">\n<blockquote>\n<p>&#8220;N\u00e3o, isso n\u00e3o vai acontecer&#8221;, escreveu &#8220;Diamond&#8221; nas redes sociais em resposta \u00e0 pergunta pertinente de um f\u00e3.<\/p>\n<\/blockquote>\n<p>H\u00e1 dez dias, Nate Diaz, que deixou a liga mais forte da WWE como agente livre no final de 2022, indicou que gostaria de participar no evento de anivers\u00e1rio, recebendo de imediato chamadas de Dustin Puryear e Michael Chandler.<\/p>\n<p>H\u00e1 dois dias, fontes informadas referiram que Diaz estava em fase inicial de conversa\u00e7\u00f5es com a UFC sobre o seu regresso \u00e0 organiza\u00e7\u00e3o.<\/p>\n<p>Dustin Porier e Nate Diaz deveriam lutar em 2018, mas sua luta acabou sendo cancelada, com os dois lados ainda culpando um ao outro por descarrilar a luta.<\/p>\n<p>Como lembrete, o UFC 300 acontecer\u00e1 em 13 de abril na T-Mobile Arena em Las Vegas.<\/p>\n<\/p>\n<\/div>\n<p class=\"source-link\">Fonte: https:\/\/fighttime.ru\/news\/item\/33561-dastin-pore-otsenil-veroyatnost-boya-s-nejtom-diasom.html?rand=19907<\/p>\n","protected":false},"excerpt":{"rendered":"<p>O ex-campe\u00e3o interino dos pesos leves do UFC, Dustin Porier, que planeja competir no UFC 300, comentou os rumores de que seu advers\u00e1rio poderia ser Nate Diaz. &#8220;N\u00e3o, isso n\u00e3o vai acontecer&#8221;, escreveu &#8220;Diamond&#8221; nas redes sociais em resposta \u00e0 pergunta pertinente de um f\u00e3. H\u00e1 dez dias, Nate Diaz, que deixou a liga mais [&hellip;]<\/p>\n","protected":false},"author":1,"featured_media":416893,"comment_status":"","ping_status":"open","sticky":false,"template":"","format":"standard","meta":{"footnotes":""},"categories":[1170],"tags":[4665,139],"_links":{"self":[{"href":"https:\/\/wmmaa.org\/pt-pt\/wp-json\/wp\/v2\/posts\/416903"}],"collection":[{"href":"https:\/\/wmmaa.org\/pt-pt\/wp-json\/wp\/v2\/posts"}],"about":[{"href":"https:\/\/wmmaa.org\/pt-pt\/wp-json\/wp\/v2\/types\/post"}],"author":[{"embeddable":true,"href":"https:\/\/wmmaa.org\/pt-pt\/wp-json\/wp\/v2\/users\/1"}],"replies":[{"embeddable":true,"href":"https:\/\/wmmaa.org\/pt-pt\/wp-json\/wp\/v2\/comments?post=416903"}],"version-history":[{"count":0,"href":"https:\/\/wmmaa.org\/pt-pt\/wp-json\/wp\/v2\/posts\/416903\/revisions"}],"wp:featuredmedia":[{"embeddable":true,"href":"https:\/\/wmmaa.org\/pt-pt\/wp-json\/wp\/v2\/media\/416893"}],"wp:attachment":[{"href":"https:\/\/wmmaa.org\/pt-pt\/wp-json\/wp\/v2\/media?parent=416903"}],"wp:term":[{"taxonomy":"category","embeddable":true,"href":"https:\/\/wmmaa.org\/pt-pt\/wp-json\/wp\/v2\/categories?post=416903"},{"taxonomy":"post_tag","embeddable":true,"href":"https:\/\/wmmaa.org\/pt-pt\/wp-json\/wp\/v2\/tags?post=416903"}],"curies":[{"name":"wp","href":"https:\/\/api.w.org\/{rel}","templated":true}]}}