{"id":416675,"date":"2024-01-02T10:22:54","date_gmt":"2024-01-02T08:22:54","guid":{"rendered":"https:\/\/wmmaa.org\/jorge-masvidal-esta-pronto-para-retomar-a-sua-carreira\/"},"modified":"2024-01-02T10:22:54","modified_gmt":"2024-01-02T08:22:54","slug":"jorge-masvidal-esta-pronto-para-retomar-a-sua-carreira","status":"publish","type":"post","link":"https:\/\/wmmaa.org\/pt-pt\/jorge-masvidal-esta-pronto-para-retomar-a-sua-carreira\/","title":{"rendered":"Jorge Masvidal est\u00e1 pronto para retomar a sua carreira"},"content":{"rendered":"<div id=\"feat-img-reg\" class=\"relative\">\n <img decoding=\"async\" src=\"https:\/\/wmmaa.org\/wp-content\/uploads\/2024\/01\/Jorge-Masvidal-is-ready-to-resume-his-career.jpg\" alt=\"Jorge Masvidal pronto para retomar a sua carreira\"><\/div>\n<div class=\"itemIntroText\">\n<p>O ex-desafiante ao t\u00edtulo de meio-pesado do UFC Jorge Masvidal, que anunciou o fim de sua carreira profissional h\u00e1 nove meses, deixou claro que planeja voltar ao oct\u00f3gono.<\/p>\n<\/p>\n<\/div>\n<div class=\"itemFullText\">\n<p>O ex-lutador de rua anunciou isso aos seus f\u00e3s nas redes sociais.<\/p>\n<blockquote>\n<p>&#8220;N\u00e3o estou reformado&#8221;, escreveu Masvidal.<\/p>\n<\/blockquote>\n<p>Em julho de 2019, Jorge Masvidal tornou-se o autor do nocaute mais r\u00e1pido da hist\u00f3ria do UFC, j\u00e1 no quinto segundo da luta com uma joelhada no salto mandou Ben Askren para um nocaute profundo. Depois disso, o americano conquistou uma vit\u00f3ria antecipada sobre seu compatriota Nate Diaz, que n\u00e3o p\u00f4de continuar a luta devido a uma dissec\u00e7\u00e3o grave, e depois sofreu quatro derrotas consecutivas, incluindo duas derrotas por t\u00edtulo para Kamar Usman.<\/p>\n<p>Depois de perder uma decis\u00e3o un\u00e2nime para Gilbert Burns em abril passado, Jorge Masvidal, de 39 anos, anunciou o fim da sua carreira profissional e retirou o t\u00edtulo BMF que tinha ganho com a vit\u00f3ria sobre Diaz.<\/p>\n<p>H\u00e1 dois meses, Jorge Masvidal evitou a pena de pris\u00e3o por ter agredido Colby Covington, escapando com uma senten\u00e7a formal que foi extinta pelas suas anteriores apari\u00e7\u00f5es na esquadra da pol\u00edcia e audi\u00eancias em tribunal, bem como pelo pagamento das custas judiciais.<\/p>\n<\/p>\n<\/div>\n<p class=\"source-link\">Fonte: https:\/\/fighttime.ru\/news\/item\/33548-khorkhe-masvidal-gotov-vozobnovit-kareru.html?rand=19907<\/p>\n","protected":false},"excerpt":{"rendered":"<p>O ex-desafiante ao t\u00edtulo de meio-pesado do UFC Jorge Masvidal, que anunciou o fim de sua carreira profissional h\u00e1 nove meses, deixou claro que planeja voltar ao oct\u00f3gono. O ex-lutador de rua anunciou isso aos seus f\u00e3s nas redes sociais. &#8220;N\u00e3o estou reformado&#8221;, escreveu Masvidal. Em julho de 2019, Jorge Masvidal tornou-se o autor do [&hellip;]<\/p>\n","protected":false},"author":1,"featured_media":416662,"comment_status":"","ping_status":"open","sticky":false,"template":"","format":"standard","meta":{"footnotes":""},"categories":[1170],"tags":[29],"_links":{"self":[{"href":"https:\/\/wmmaa.org\/pt-pt\/wp-json\/wp\/v2\/posts\/416675"}],"collection":[{"href":"https:\/\/wmmaa.org\/pt-pt\/wp-json\/wp\/v2\/posts"}],"about":[{"href":"https:\/\/wmmaa.org\/pt-pt\/wp-json\/wp\/v2\/types\/post"}],"author":[{"embeddable":true,"href":"https:\/\/wmmaa.org\/pt-pt\/wp-json\/wp\/v2\/users\/1"}],"replies":[{"embeddable":true,"href":"https:\/\/wmmaa.org\/pt-pt\/wp-json\/wp\/v2\/comments?post=416675"}],"version-history":[{"count":0,"href":"https:\/\/wmmaa.org\/pt-pt\/wp-json\/wp\/v2\/posts\/416675\/revisions"}],"wp:featuredmedia":[{"embeddable":true,"href":"https:\/\/wmmaa.org\/pt-pt\/wp-json\/wp\/v2\/media\/416662"}],"wp:attachment":[{"href":"https:\/\/wmmaa.org\/pt-pt\/wp-json\/wp\/v2\/media?parent=416675"}],"wp:term":[{"taxonomy":"category","embeddable":true,"href":"https:\/\/wmmaa.org\/pt-pt\/wp-json\/wp\/v2\/categories?post=416675"},{"taxonomy":"post_tag","embeddable":true,"href":"https:\/\/wmmaa.org\/pt-pt\/wp-json\/wp\/v2\/tags?post=416675"}],"curies":[{"name":"wp","href":"https:\/\/api.w.org\/{rel}","templated":true}]}}