{"id":415100,"date":"2023-12-21T12:05:39","date_gmt":"2023-12-21T10:05:39","guid":{"rendered":"https:\/\/wmmaa.org\/dana-white-intrigou-os-fas-com-noticias-sobre-o-torneio-do-ufc-300\/"},"modified":"2023-12-21T12:05:39","modified_gmt":"2023-12-21T10:05:39","slug":"dana-white-intrigou-os-fas-com-noticias-sobre-o-torneio-do-ufc-300","status":"publish","type":"post","link":"https:\/\/wmmaa.org\/pt-pt\/dana-white-intrigou-os-fas-com-noticias-sobre-o-torneio-do-ufc-300\/","title":{"rendered":"Dana White intrigou os f\u00e3s com not\u00edcias sobre o torneio do UFC 300"},"content":{"rendered":"<div id=\"feat-img-reg\" class=\"relative\">\n <img decoding=\"async\" src=\"https:\/\/wmmaa.org\/wp-content\/uploads\/2023\/12\/Dana-White-intrigued-fans-with-news-about-the-UFC-300.jpg\" alt=\"Dana White intrigou os f\u00e3s com novidades sobre o torneio do UFC 300\"><\/div>\n<div class=\"itemIntroText\">\n<p>O CEO do UFC, Dana White, prometeu fazer um an\u00fancio oficial sobre o torneio de anivers\u00e1rio do UFC 300 em breve, cuja informa\u00e7\u00e3o est\u00e1 atualmente limitada \u00e0 data e local do evento.<\/p>\n<\/p>\n<\/div>\n<div class=\"itemFullText\">\n<blockquote>\n<p>&#8220;Esperamos um an\u00fancio meu em breve sobre o torneio UFC 300&#8221;, disse o chefe da organiza\u00e7\u00e3o aos f\u00e3s nas redes sociais. &#8220;N\u00e3o ser\u00e1 um an\u00fancio de todo o torneio, mas vou anunciar algo extremamente interessante. Portanto, preparem-se&#8221;.<\/p>\n<\/blockquote>\n<p>Foi previamente anunciado oficialmente que o espet\u00e1culo de anivers\u00e1rio do n\u00famero ter\u00e1 lugar a 13 de abril na T-Mobile Arena, em Las Vegas, e White prometeu surpreender os f\u00e3s com o primeiro combate a abrir o evento.<\/p>\n<p>De acordo com os rumores, o evento principal do UFC 300 poder\u00e1 ser um combate de pesos m\u00e9dios entre Conor McGregor e Michael Chandler.<\/p>\n<p>Na v\u00e9spera do desejo de realizar uma superluta no evento, os actuais campe\u00f5es do UFC, Weili Zhang e Alexa Grasso, foram informados. Tamb\u00e9m poder\u00e1 participar no torneio do UFC 300 o atual campe\u00e3o de pesos-m\u00e9dios do UFC, Leon Edwards, segundo informou na pr\u00f3xima edi\u00e7\u00e3o do programa &#8220;The MMA Hour&#8221; o treinador do lutador brit\u00e2nico Dave Lovell.<\/p>\n<\/p>\n<\/div>\n<p class=\"source-link\">Fonte: https:\/\/fighttime.ru\/news\/item\/33461-dana-uajt-zaintrigoval-fanatov-novostyami-o-turnire-ufc-300.html?rand=19907<\/p>\n","protected":false},"excerpt":{"rendered":"<p>O CEO do UFC, Dana White, prometeu fazer um an\u00fancio oficial sobre o torneio de anivers\u00e1rio do UFC 300 em breve, cuja informa\u00e7\u00e3o est\u00e1 atualmente limitada \u00e0 data e local do evento. &#8220;Esperamos um an\u00fancio meu em breve sobre o torneio UFC 300&#8221;, disse o chefe da organiza\u00e7\u00e3o aos f\u00e3s nas redes sociais. &#8220;N\u00e3o ser\u00e1 [&hellip;]<\/p>\n","protected":false},"author":1,"featured_media":415087,"comment_status":"","ping_status":"open","sticky":false,"template":"","format":"standard","meta":{"footnotes":""},"categories":[1170],"tags":[63,4808],"_links":{"self":[{"href":"https:\/\/wmmaa.org\/pt-pt\/wp-json\/wp\/v2\/posts\/415100"}],"collection":[{"href":"https:\/\/wmmaa.org\/pt-pt\/wp-json\/wp\/v2\/posts"}],"about":[{"href":"https:\/\/wmmaa.org\/pt-pt\/wp-json\/wp\/v2\/types\/post"}],"author":[{"embeddable":true,"href":"https:\/\/wmmaa.org\/pt-pt\/wp-json\/wp\/v2\/users\/1"}],"replies":[{"embeddable":true,"href":"https:\/\/wmmaa.org\/pt-pt\/wp-json\/wp\/v2\/comments?post=415100"}],"version-history":[{"count":0,"href":"https:\/\/wmmaa.org\/pt-pt\/wp-json\/wp\/v2\/posts\/415100\/revisions"}],"wp:featuredmedia":[{"embeddable":true,"href":"https:\/\/wmmaa.org\/pt-pt\/wp-json\/wp\/v2\/media\/415087"}],"wp:attachment":[{"href":"https:\/\/wmmaa.org\/pt-pt\/wp-json\/wp\/v2\/media?parent=415100"}],"wp:term":[{"taxonomy":"category","embeddable":true,"href":"https:\/\/wmmaa.org\/pt-pt\/wp-json\/wp\/v2\/categories?post=415100"},{"taxonomy":"post_tag","embeddable":true,"href":"https:\/\/wmmaa.org\/pt-pt\/wp-json\/wp\/v2\/tags?post=415100"}],"curies":[{"name":"wp","href":"https:\/\/api.w.org\/{rel}","templated":true}]}}