{"id":413038,"date":"2023-12-08T08:03:15","date_gmt":"2023-12-08T06:03:15","guid":{"rendered":"https:\/\/wmmaa.org\/jan-blachowicz-fez-uma-declaracao-sobre-o-cancelamento-do-combate-com-aleksandar-rakic\/"},"modified":"2023-12-08T08:03:15","modified_gmt":"2023-12-08T06:03:15","slug":"jan-blachowicz-fez-uma-declaracao-sobre-o-cancelamento-do-combate-com-aleksandar-rakic","status":"publish","type":"post","link":"https:\/\/wmmaa.org\/pt-pt\/jan-blachowicz-fez-uma-declaracao-sobre-o-cancelamento-do-combate-com-aleksandar-rakic\/","title":{"rendered":"Jan Blachowicz fez uma declara\u00e7\u00e3o sobre o cancelamento do combate com Aleksandar Rakic"},"content":{"rendered":"<div id=\"feat-img-reg\" class=\"relative\">\n <img decoding=\"async\" src=\"https:\/\/wmmaa.org\/wp-content\/uploads\/2023\/12\/Jan-Blachowicz-made-a-statement-about-the-cancellation-of-the.jpg\" alt=\"Jan Blachowicz fez uma declara\u00e7\u00e3o sobre o cancelamento do combate com Aleksandar Rakic\"><\/div>\n<div class=\"itemIntroText\">\n<p>O ex-campe\u00e3o dos pesos galos do UFC, Jan Blachowicz, confirmou o cancelamento do seu combate com Aleksandar Rakic, que estava agendado para 20 de janeiro, no UFC 297, em Toronto.<\/p>\n<\/p>\n<\/div>\n<div class=\"itemFullText\">\n<blockquote>\n<p>&#8220;N\u00e3o era suposto acontecer assim&#8221;, escreveu o lutador polaco nas redes sociais. &#8220;\u00c9 dif\u00edcil expressar como me sinto neste momento, porque \u00e9 uma mistura de raiva e tristeza. Recusar-se a lutar por causa de uma les\u00e3o \u00e9 uma das decis\u00f5es mais dif\u00edceis que um lutador pode tomar. No entanto, por vezes n\u00e3o h\u00e1 outra op\u00e7\u00e3o, especialmente se estivermos a competir entre os cinco primeiros e quisermos dar um espet\u00e1culo de alto n\u00edvel.&#8221;<\/p>\n<p>&#8220;Em vez de lutar para estar em melhor forma, estou a lutar contra a dor em cada treino. Dei o meu melhor, mas os meus ombros precisam de ser operados. Seria irrespons\u00e1vel e est\u00fapido continuar a treinar e entrar no oct\u00f3gono neste estado. Digo sempre que, quando vou para um combate, tenho de estar 100% preparado. Tenho de o fazer por mim, pelos meus treinadores, pelo meu advers\u00e1rio e, acima de tudo, pelos f\u00e3s. Agrade\u00e7o desde j\u00e1 a todos o vosso apoio! Estou a aguardar a data da cirurgia, ap\u00f3s a qual iniciarei o processo de reabilita\u00e7\u00e3o e regressarei aos treinos. Prometo que voltarei mais forte do que era antes!&#8221;<\/p>\n<\/blockquote>\n<p>Blachowicz tamb\u00e9m respondeu a um advers\u00e1rio que o criticou por ter recusado o combate.<\/p>\n<blockquote>\n<p>&#8220;Primeiro chora porque o parti, depois chora porque preciso de tratar da minha les\u00e3o. Fica contente por eu n\u00e3o te partir desta vez tamb\u00e9m. Agora podes ir e continuar a chorar&#8221;.<\/p>\n<\/blockquote>\n<p>Recorde-se que o combate de pesos pesados era suposto ser uma desforra. Em maio passado, Rakic n\u00e3o p\u00f4de continuar o seu combate com Blachowicz, sofrendo uma les\u00e3o no joelho no terceiro assalto, e n\u00e3o voltou ao oct\u00f3gono desde ent\u00e3o, enquanto o ex-campe\u00e3o da UFC teve mais dois combates, empatando um combate pelo cintur\u00e3o vago do campeonato com Magomed Ankalaev, e perdendo por decis\u00e3o dividida para Alex Pereira num combate de desafiantes.<\/p>\n<\/p>\n<\/div>\n<p class=\"source-link\">Fonte: https:\/\/fighttime.ru\/news\/item\/33342-yan-blakhovich-sdelal-zayavlenie-ob-otmene-boya-s-aleksandrom-rakichem.html?rand=19907<\/p>\n","protected":false},"excerpt":{"rendered":"<p>O ex-campe\u00e3o dos pesos galos do UFC, Jan Blachowicz, confirmou o cancelamento do seu combate com Aleksandar Rakic, que estava agendado para 20 de janeiro, no UFC 297, em Toronto. &#8220;N\u00e3o era suposto acontecer assim&#8221;, escreveu o lutador polaco nas redes sociais. &#8220;\u00c9 dif\u00edcil expressar como me sinto neste momento, porque \u00e9 uma mistura de [&hellip;]<\/p>\n","protected":false},"author":1,"featured_media":413024,"comment_status":"","ping_status":"open","sticky":false,"template":"","format":"standard","meta":{"footnotes":""},"categories":[1170],"tags":[1121,240,4850],"_links":{"self":[{"href":"https:\/\/wmmaa.org\/pt-pt\/wp-json\/wp\/v2\/posts\/413038"}],"collection":[{"href":"https:\/\/wmmaa.org\/pt-pt\/wp-json\/wp\/v2\/posts"}],"about":[{"href":"https:\/\/wmmaa.org\/pt-pt\/wp-json\/wp\/v2\/types\/post"}],"author":[{"embeddable":true,"href":"https:\/\/wmmaa.org\/pt-pt\/wp-json\/wp\/v2\/users\/1"}],"replies":[{"embeddable":true,"href":"https:\/\/wmmaa.org\/pt-pt\/wp-json\/wp\/v2\/comments?post=413038"}],"version-history":[{"count":0,"href":"https:\/\/wmmaa.org\/pt-pt\/wp-json\/wp\/v2\/posts\/413038\/revisions"}],"wp:featuredmedia":[{"embeddable":true,"href":"https:\/\/wmmaa.org\/pt-pt\/wp-json\/wp\/v2\/media\/413024"}],"wp:attachment":[{"href":"https:\/\/wmmaa.org\/pt-pt\/wp-json\/wp\/v2\/media?parent=413038"}],"wp:term":[{"taxonomy":"category","embeddable":true,"href":"https:\/\/wmmaa.org\/pt-pt\/wp-json\/wp\/v2\/categories?post=413038"},{"taxonomy":"post_tag","embeddable":true,"href":"https:\/\/wmmaa.org\/pt-pt\/wp-json\/wp\/v2\/tags?post=413038"}],"curies":[{"name":"wp","href":"https:\/\/api.w.org\/{rel}","templated":true}]}}