{"id":413021,"date":"2023-12-07T21:27:04","date_gmt":"2023-12-07T19:27:04","guid":{"rendered":"https:\/\/wmmaa.org\/a-equipa-de-oliveira-indicou-duas-datas-para-o-combate-com-makhachev\/"},"modified":"2023-12-07T21:27:04","modified_gmt":"2023-12-07T19:27:04","slug":"a-equipa-de-oliveira-indicou-duas-datas-para-o-combate-com-makhachev","status":"publish","type":"post","link":"https:\/\/wmmaa.org\/pt-pt\/a-equipa-de-oliveira-indicou-duas-datas-para-o-combate-com-makhachev\/","title":{"rendered":"A equipa de Oliveira indicou duas datas para o combate com Makhachev"},"content":{"rendered":"<div id=\"feat-img-reg\" class=\"relative\">\n <img decoding=\"async\" src=\"https:\/\/wmmaa.org\/wp-content\/uploads\/2023\/12\/Oliveiras-team-named-two-dates-for-the-fight-with-Makhachev.jpg\" alt=\"A equipa de Oliveira marcou duas datas para o combate com Makhachev\"><\/div>\n<div class=\"itemIntroText\">\n<p>O ex-campe\u00e3o dos pesos leves do UFC Charles Oliveira espera enfrentar Islam Makhachev antes do Ramad\u00e3, e espera que uma luta pelo t\u00edtulo preencha o card do UFC 299, que acontece em 9 de mar\u00e7o.<\/p>\n<\/p>\n<\/div>\n<div class=\"itemFullText\">\n<p>O treinador do brasileiro, Diego Lima, disse ao Sherdog em uma entrevista.<\/p>\n<blockquote>\n<p>&#8220;Charles quer que a revanche com Makhachev aconte\u00e7a em mar\u00e7o, antes do Ramad\u00e3 &#8211; esse \u00e9 o nosso principal objetivo&#8221;, disse o brasileiro. &#8220;Mas se o UFC quiser que a gente espere at\u00e9 depois do Ramad\u00e3, n\u00f3s vamos fazer isso. N\u00e3o estamos com pressa. O mais importante para n\u00f3s \u00e9 que Charles lute contra o Isl\u00e3o a seguir&#8221;.<\/p>\n<\/blockquote>\n<p>Se a luta n\u00e3o acontecer no UFC 299, o brasileiro est\u00e1 pronto para enfrentar o russo no UFC 301, que, segundo rumores, ser\u00e1 realizado no Rio de Janeiro em 4 de maio.<\/p>\n<blockquote>\n<p>&#8220;O torneio em mar\u00e7o \u00e9 nossa prioridade, mas Charles sonha h\u00e1 muito tempo em lutar pelo cintur\u00e3o diante de seus compatriotas. A luta entre O&#8217;Malley e Vera j\u00e1 foi anunciada como o evento principal do UFC 299, o UFC 300 provavelmente ter\u00e1 uma luta entre McGregor e Chandler, ent\u00e3o o torneio do UFC 301 em maio pode ser uma boa op\u00e7\u00e3o&#8221;<\/p>\n<\/blockquote>\n<p>Recorde-se que a desforra entre Islam Makhachev e Charles Oliveira era suposto ser a manchete do UFC 294 em Abu Dhabi, a 21 de outubro, no entanto, duas semanas antes do evento, o brasileiro sofreu uma dissec\u00e7\u00e3o e desistiu do combate, cedendo o seu title shot a Alexander Volkanovski, que j\u00e1 perdeu para o russo por nocaute no primeiro round.<\/p>\n<\/p>\n<\/div>\n<p class=\"source-link\">Fonte: https:\/\/fighttime.ru\/news\/item\/33341-v-komande-olivejry-nazvali-dve-daty-dlya-boya-s-makhachevym.html?rand=19907<\/p>\n","protected":false},"excerpt":{"rendered":"<p>O ex-campe\u00e3o dos pesos leves do UFC Charles Oliveira espera enfrentar Islam Makhachev antes do Ramad\u00e3, e espera que uma luta pelo t\u00edtulo preencha o card do UFC 299, que acontece em 9 de mar\u00e7o. O treinador do brasileiro, Diego Lima, disse ao Sherdog em uma entrevista. &#8220;Charles quer que a revanche com Makhachev aconte\u00e7a [&hellip;]<\/p>\n","protected":false},"author":1,"featured_media":413006,"comment_status":"","ping_status":"open","sticky":false,"template":"","format":"standard","meta":{"footnotes":""},"categories":[1170],"tags":[123,137],"_links":{"self":[{"href":"https:\/\/wmmaa.org\/pt-pt\/wp-json\/wp\/v2\/posts\/413021"}],"collection":[{"href":"https:\/\/wmmaa.org\/pt-pt\/wp-json\/wp\/v2\/posts"}],"about":[{"href":"https:\/\/wmmaa.org\/pt-pt\/wp-json\/wp\/v2\/types\/post"}],"author":[{"embeddable":true,"href":"https:\/\/wmmaa.org\/pt-pt\/wp-json\/wp\/v2\/users\/1"}],"replies":[{"embeddable":true,"href":"https:\/\/wmmaa.org\/pt-pt\/wp-json\/wp\/v2\/comments?post=413021"}],"version-history":[{"count":0,"href":"https:\/\/wmmaa.org\/pt-pt\/wp-json\/wp\/v2\/posts\/413021\/revisions"}],"wp:featuredmedia":[{"embeddable":true,"href":"https:\/\/wmmaa.org\/pt-pt\/wp-json\/wp\/v2\/media\/413006"}],"wp:attachment":[{"href":"https:\/\/wmmaa.org\/pt-pt\/wp-json\/wp\/v2\/media?parent=413021"}],"wp:term":[{"taxonomy":"category","embeddable":true,"href":"https:\/\/wmmaa.org\/pt-pt\/wp-json\/wp\/v2\/categories?post=413021"},{"taxonomy":"post_tag","embeddable":true,"href":"https:\/\/wmmaa.org\/pt-pt\/wp-json\/wp\/v2\/tags?post=413021"}],"curies":[{"name":"wp","href":"https:\/\/api.w.org\/{rel}","templated":true}]}}