{"id":413003,"date":"2023-12-07T20:20:17","date_gmt":"2023-12-07T18:20:17","guid":{"rendered":"https:\/\/wmmaa.org\/jiri-prohazka-respondeu-ao-desafio-de-aleksandar-rakic\/"},"modified":"2023-12-07T20:20:17","modified_gmt":"2023-12-07T18:20:17","slug":"jiri-prohazka-respondeu-ao-desafio-de-aleksandar-rakic","status":"publish","type":"post","link":"https:\/\/wmmaa.org\/pt-pt\/jiri-prohazka-respondeu-ao-desafio-de-aleksandar-rakic\/","title":{"rendered":"Jiri Prohazka respondeu ao desafio de Aleksandar Rakic"},"content":{"rendered":"<div id=\"feat-img-reg\" class=\"relative\">\n <img decoding=\"async\" src=\"https:\/\/wmmaa.org\/wp-content\/uploads\/2023\/12\/Jiri-Prohazka-answered-the-challenge-of-Aleksandar-Rakic.jpg\" alt=\"Jiri Prohazka responde ao desafio de Aleksandar Rakic\"><\/div>\n<div class=\"itemIntroText\">\n<p>O antigo campe\u00e3o de pesos-galos da UFC, Jiri Prochazka, est\u00e1 pronto para substituir Jan Blachowicz num combate contra Aleksandar Rakic se o lutador austr\u00edaco concordar em fazer o combate com um ou dois meses de atraso.<\/p>\n<\/p>\n<\/div>\n<div class=\"itemFullText\">\n<blockquote>\n<p>&#8220;Estou dentro, mas o mais cedo que posso voltar ao oct\u00f3gono \u00e9 fevereiro-mar\u00e7o. Aceita?&#8221;, escreveu o representante da Rep\u00fablica Checa nas redes sociais, dirigindo-se ao seu potencial advers\u00e1rio.<\/p>\n<\/blockquote>\n<p>H\u00e1 algumas horas atr\u00e1s, Rakic anunciou que o polaco tinha desistido do seu pr\u00f3ximo combate, que estava agendado para 20 de janeiro no UFC 297 em Toronto, e sugeriu que Prochazka seria o seu substituto.<\/p>\n<p>Recorde-se que o combate de peso galo era suposto ser uma desforra. Em maio passado, Aleksandar Rakic n\u00e3o p\u00f4de continuar o seu combate com Jan Blachowicz, sofrendo uma les\u00e3o no joelho no terceiro assalto, e n\u00e3o voltou ao oct\u00f3gono desde ent\u00e3o.<\/p>\n<p>Jiri Prochazka fez uma tentativa fracassada de recuperar o cintur\u00e3o de campe\u00e3o em 11 de novembro, perdendo por nocaute t\u00e9cnico no segundo round para Alex Pereira no UFC 295 em Nova York.<\/p>\n<\/p>\n<\/div>\n<p class=\"source-link\">Fonte: https:\/\/fighttime.ru\/news\/item\/33340-irzhi-prokhazka-otvetil-na-vyzov-aleksandra-rakicha.html?rand=19907<\/p>\n","protected":false},"excerpt":{"rendered":"<p>O antigo campe\u00e3o de pesos-galos da UFC, Jiri Prochazka, est\u00e1 pronto para substituir Jan Blachowicz num combate contra Aleksandar Rakic se o lutador austr\u00edaco concordar em fazer o combate com um ou dois meses de atraso. &#8220;Estou dentro, mas o mais cedo que posso voltar ao oct\u00f3gono \u00e9 fevereiro-mar\u00e7o. Aceita?&#8221;, escreveu o representante da Rep\u00fablica [&hellip;]<\/p>\n","protected":false},"author":1,"featured_media":412988,"comment_status":"","ping_status":"open","sticky":false,"template":"","format":"standard","meta":{"footnotes":""},"categories":[1170],"tags":[1121,547],"_links":{"self":[{"href":"https:\/\/wmmaa.org\/pt-pt\/wp-json\/wp\/v2\/posts\/413003"}],"collection":[{"href":"https:\/\/wmmaa.org\/pt-pt\/wp-json\/wp\/v2\/posts"}],"about":[{"href":"https:\/\/wmmaa.org\/pt-pt\/wp-json\/wp\/v2\/types\/post"}],"author":[{"embeddable":true,"href":"https:\/\/wmmaa.org\/pt-pt\/wp-json\/wp\/v2\/users\/1"}],"replies":[{"embeddable":true,"href":"https:\/\/wmmaa.org\/pt-pt\/wp-json\/wp\/v2\/comments?post=413003"}],"version-history":[{"count":0,"href":"https:\/\/wmmaa.org\/pt-pt\/wp-json\/wp\/v2\/posts\/413003\/revisions"}],"wp:featuredmedia":[{"embeddable":true,"href":"https:\/\/wmmaa.org\/pt-pt\/wp-json\/wp\/v2\/media\/412988"}],"wp:attachment":[{"href":"https:\/\/wmmaa.org\/pt-pt\/wp-json\/wp\/v2\/media?parent=413003"}],"wp:term":[{"taxonomy":"category","embeddable":true,"href":"https:\/\/wmmaa.org\/pt-pt\/wp-json\/wp\/v2\/categories?post=413003"},{"taxonomy":"post_tag","embeddable":true,"href":"https:\/\/wmmaa.org\/pt-pt\/wp-json\/wp\/v2\/tags?post=413003"}],"curies":[{"name":"wp","href":"https:\/\/api.w.org\/{rel}","templated":true}]}}