{"id":410336,"date":"2023-11-19T13:59:54","date_gmt":"2023-11-19T11:59:54","guid":{"rendered":"https:\/\/wmmaa.org\/?p=410336"},"modified":"2023-11-19T13:59:54","modified_gmt":"2023-11-19T11:59:54","slug":"dana-white-a-partida-do-khabib-partiu-me-o-coracao","status":"publish","type":"post","link":"https:\/\/wmmaa.org\/pt-pt\/dana-white-a-partida-do-khabib-partiu-me-o-coracao\/","title":{"rendered":"Dana White: &#8220;A partida do Khabib partiu-me o cora\u00e7\u00e3o&#8221;"},"content":{"rendered":"<div id=\"feat-img-reg\" class=\"relative\">\n <img decoding=\"async\" src=\"https:\/\/wmmaa.org\/wp-content\/uploads\/2023\/11\/Dana-White-Khabib-leaving-broke-my-heart.jpg\"><\/div>\n<div class=\"itemIntroText\">\n<p>O diretor executivo da UFC, Dana White, respondeu a uma pergunta sobre qual o lutador que mais sofreu com a sa\u00edda da organiza\u00e7\u00e3o.<\/p>\n<\/p>\n<\/div>\n<div class=\"itemFullText\">\n<p>Segundo o diretor da liga mais forte do mundo, a decis\u00e3o do invicto lutador russo Khabib Nurmagomedov de terminar a sua carreira profissional foi um grande golpe para ele.<\/p>\n<blockquote>\n<p>&#8220;Houve algum lutador que terminou a sua carreira e isso partiu-me o cora\u00e7\u00e3o?&#8221;, disse o chefe da UFC numa entrevista a Theo Vaughn. &#8220;Sim, \u00e9 o Khabib. Normalmente, fico feliz por ver um lutador partir depois de ter conseguido tudo o que podia, mas a sua reforma foi a mais dif\u00edcil para mim, porque tenho a certeza &#8211; ele tinha muito mais para oferecer e fazer, mas com a morte do pai perdeu o interesse em lutar e a sua carreira acabou. Al\u00e9m disso, ele ganhou tanto dinheiro que talvez nunca mais volte a trabalhar&#8221;.<\/p>\n<\/blockquote>\n<p>Em outubro de 2020, Khabib Nurmagomedov, 35 anos, obteve a sua d\u00e9cima terceira vit\u00f3ria consecutiva sob a bandeira da UFC ao unificar com sucesso os t\u00edtulos atual e interino de pesos leves contra Justin Gaethje, antes de anunciar o fim da sua carreira profissional.<\/p>\n<p>No entanto, o russo continuou a ser o atual campe\u00e3o da liga durante mais alguns meses, uma vez que a dire\u00e7\u00e3o esperava organizar a sua desforra com Conor McGregor, mas a derrota do irland\u00eas num combate contra Dustin Porier obrigou o UFC a abandonar este plano.<\/p>\n<\/p>\n<\/div>\n<p class=\"source-link\">Fonte: https:\/\/fighttime.ru\/news\/item\/33196-dana-uajt-ukhod-khabiba-razbil-mne-serdtse.html?rand=19907<\/p>\n","protected":false},"excerpt":{"rendered":"<p>O diretor executivo da UFC, Dana White, respondeu a uma pergunta sobre qual o lutador que mais sofreu com a sa\u00edda da organiza\u00e7\u00e3o. Segundo o diretor da liga mais forte do mundo, a decis\u00e3o do invicto lutador russo Khabib Nurmagomedov de terminar a sua carreira profissional foi um grande golpe para ele. &#8220;Houve algum lutador [&hellip;]<\/p>\n","protected":false},"author":1,"featured_media":0,"comment_status":"","ping_status":"open","sticky":false,"template":"","format":"standard","meta":{"footnotes":""},"categories":[1170],"tags":[],"_links":{"self":[{"href":"https:\/\/wmmaa.org\/pt-pt\/wp-json\/wp\/v2\/posts\/410336"}],"collection":[{"href":"https:\/\/wmmaa.org\/pt-pt\/wp-json\/wp\/v2\/posts"}],"about":[{"href":"https:\/\/wmmaa.org\/pt-pt\/wp-json\/wp\/v2\/types\/post"}],"author":[{"embeddable":true,"href":"https:\/\/wmmaa.org\/pt-pt\/wp-json\/wp\/v2\/users\/1"}],"replies":[{"embeddable":true,"href":"https:\/\/wmmaa.org\/pt-pt\/wp-json\/wp\/v2\/comments?post=410336"}],"version-history":[{"count":0,"href":"https:\/\/wmmaa.org\/pt-pt\/wp-json\/wp\/v2\/posts\/410336\/revisions"}],"wp:attachment":[{"href":"https:\/\/wmmaa.org\/pt-pt\/wp-json\/wp\/v2\/media?parent=410336"}],"wp:term":[{"taxonomy":"category","embeddable":true,"href":"https:\/\/wmmaa.org\/pt-pt\/wp-json\/wp\/v2\/categories?post=410336"},{"taxonomy":"post_tag","embeddable":true,"href":"https:\/\/wmmaa.org\/pt-pt\/wp-json\/wp\/v2\/tags?post=410336"}],"curies":[{"name":"wp","href":"https:\/\/api.w.org\/{rel}","templated":true}]}}