{"id":407110,"date":"2023-10-29T10:43:48","date_gmt":"2023-10-29T08:43:48","guid":{"rendered":"https:\/\/wmmaa.org\/conor-mcgregor-ja-definiu-o-calendario-do-seu-proximo-combate-na-ufc\/"},"modified":"2023-10-29T10:43:48","modified_gmt":"2023-10-29T08:43:48","slug":"conor-mcgregor-ja-definiu-o-calendario-do-seu-proximo-combate-na-ufc","status":"publish","type":"post","link":"https:\/\/wmmaa.org\/pt-pt\/conor-mcgregor-ja-definiu-o-calendario-do-seu-proximo-combate-na-ufc\/","title":{"rendered":"Conor McGregor j\u00e1 definiu o calend\u00e1rio do seu pr\u00f3ximo combate na UFC"},"content":{"rendered":"<div id=\"feat-img-reg\" class=\"relative\">\n <img decoding=\"async\" src=\"https:\/\/wmmaa.org\/wp-content\/uploads\/2023\/10\/Conor-McGregor-has-named-a-timeframe-for-his-next-fight.jpg\" alt=\"Conor McGregor indica o calend\u00e1rio do seu pr\u00f3ximo combate na UFC\"><\/div>\n<div class=\"itemIntroText\">\n<p>O ex-campe\u00e3o duplo do UFC Conor McGregor comentou a informa\u00e7\u00e3o de que seu retorno ao oct\u00f3gono poderia acontecer no UFC 300, que est\u00e1 provisoriamente marcado para abril do ano que vem.<\/p>\n<\/p>\n<\/div>\n<div class=\"itemFullText\">\n<blockquote>\n<p>&#8220;Estou bem com abril&#8221;, disse o irland\u00eas ao MMAJunkie. &#8220;Preferia faz\u00ea-lo mais cedo, mas se olharmos para isto de forma honesta e realista, quero fazer uma boa corrida, e para isso precisava de recuperar totalmente. Portanto, parece que vai ser mesmo em abril&#8221;.<\/p>\n<p>&#8220;Estive privado de viver a minha vida durante quase tr\u00eas anos. Depois da derrota e da les\u00e3o, estive parado durante todo esse tempo. Ouviram o que disse Alex Wolkanowski? Tenho de voltar ao meu estilo de vida. Este \u00e9 o meu trabalho. Tudo isto \u00e9 muito frustrante para mim, por isso s\u00f3 quero ouvir uma data. D\u00eaem-me uma data para o combate, \u00e9 tudo o que preciso. Quero voltar ao ativo e recompor-me. Quero ser a melhor vers\u00e3o de mim pr\u00f3prio antes de acabar com isto&#8221;.<\/p>\n<\/blockquote>\n<p>McGregor tamb\u00e9m confirmou que o seu advers\u00e1rio ser\u00e1 o americano Michael Chandler, com quem co-estrelou no set da \u00faltima temporada do TUF.<\/p>\n<blockquote>\n<p>&#8220;\u00c9 ele que eles querem ver num combate comigo e eu n\u00e3o vou dizer que n\u00e3o. S\u00f3 preciso de um encontro. Nunca recuso combates e, desta vez, o meu advers\u00e1rio vai ser o Chandler. Para mim, isso n\u00e3o tem grande import\u00e2ncia. O mais importante \u00e9 regressar&#8221;.<\/p>\n<\/blockquote>\n<\/div>\n<p class=\"source-link\">Fonte: https:\/\/fighttime.ru\/news\/item\/33012-konor-makgregor-nazval-sroki-sleduyushchego-boya-v-ufc.html?rand=19907<\/p>\n","protected":false},"excerpt":{"rendered":"<p>O ex-campe\u00e3o duplo do UFC Conor McGregor comentou a informa\u00e7\u00e3o de que seu retorno ao oct\u00f3gono poderia acontecer no UFC 300, que est\u00e1 provisoriamente marcado para abril do ano que vem. &#8220;Estou bem com abril&#8221;, disse o irland\u00eas ao MMAJunkie. &#8220;Preferia faz\u00ea-lo mais cedo, mas se olharmos para isto de forma honesta e realista, quero [&hellip;]<\/p>\n","protected":false},"author":1,"featured_media":407094,"comment_status":"","ping_status":"open","sticky":false,"template":"","format":"standard","meta":{"footnotes":""},"categories":[1170],"tags":[33],"_links":{"self":[{"href":"https:\/\/wmmaa.org\/pt-pt\/wp-json\/wp\/v2\/posts\/407110"}],"collection":[{"href":"https:\/\/wmmaa.org\/pt-pt\/wp-json\/wp\/v2\/posts"}],"about":[{"href":"https:\/\/wmmaa.org\/pt-pt\/wp-json\/wp\/v2\/types\/post"}],"author":[{"embeddable":true,"href":"https:\/\/wmmaa.org\/pt-pt\/wp-json\/wp\/v2\/users\/1"}],"replies":[{"embeddable":true,"href":"https:\/\/wmmaa.org\/pt-pt\/wp-json\/wp\/v2\/comments?post=407110"}],"version-history":[{"count":0,"href":"https:\/\/wmmaa.org\/pt-pt\/wp-json\/wp\/v2\/posts\/407110\/revisions"}],"wp:featuredmedia":[{"embeddable":true,"href":"https:\/\/wmmaa.org\/pt-pt\/wp-json\/wp\/v2\/media\/407094"}],"wp:attachment":[{"href":"https:\/\/wmmaa.org\/pt-pt\/wp-json\/wp\/v2\/media?parent=407110"}],"wp:term":[{"taxonomy":"category","embeddable":true,"href":"https:\/\/wmmaa.org\/pt-pt\/wp-json\/wp\/v2\/categories?post=407110"},{"taxonomy":"post_tag","embeddable":true,"href":"https:\/\/wmmaa.org\/pt-pt\/wp-json\/wp\/v2\/tags?post=407110"}],"curies":[{"name":"wp","href":"https:\/\/api.w.org\/{rel}","templated":true}]}}