{"id":406262,"date":"2023-10-23T22:03:55","date_gmt":"2023-10-23T19:03:55","guid":{"rendered":"https:\/\/wmmaa.org\/o-combate-entre-jared-cannonier-e-roman-dolidze-foi-cancelado\/"},"modified":"2023-10-23T22:03:55","modified_gmt":"2023-10-23T19:03:55","slug":"o-combate-entre-jared-cannonier-e-roman-dolidze-foi-cancelado","status":"publish","type":"post","link":"https:\/\/wmmaa.org\/pt-pt\/o-combate-entre-jared-cannonier-e-roman-dolidze-foi-cancelado\/","title":{"rendered":"O combate entre Jared Cannonier e Roman Dolidze foi cancelado"},"content":{"rendered":"<div id=\"feat-img-reg\" class=\"relative\">\n <img decoding=\"async\" src=\"https:\/\/wmmaa.org\/wp-content\/uploads\/2023\/10\/The-fight-between-Jared-Cannonier-and-Roman-Dolidze-has-been.jpg\" alt=\"Combate entre Jared Cannonier e Roman Dolidze cancelado\"><\/div>\n<div class=\"itemIntroText\">\n<p>Jared Cannonier, ex-desafiante ao t\u00edtulo de pesos m\u00e9dios do UFC, rompeu os ligamentos do joelho e n\u00e3o vai participar no combate contra Roman Dolidze, que estava marcado para 2 de dezembro em Austin, Texas.<\/p>\n<\/p>\n<\/div>\n<div class=\"itemFullText\">\n<blockquote>\n<p>&#8220;Vou ser operado na quinta-feira, ent\u00e3o a luta n\u00e3o vai acontecer em dezembro e o UFC sabe disso&#8221;, disse o americano ao MMAJunkie. &#8220;Neste momento estamos a tratar da papelada do meu seguro e vou concentrar-me na minha recupera\u00e7\u00e3o. Aqui est\u00e1 uma atualiza\u00e7\u00e3o com o meu nome&#8221;.<\/p>\n<\/blockquote>\n<p>Segundo Cannonier, ele sofreu a les\u00e3o pouco depois de ter sido convidado a substituir Paulo Costa na luta contra Hamzat Chimaev.<\/p>\n<blockquote>\n<p>&#8220;Recebi uma chamada e ofereceram-me o combate com o Chimaev. Antes que eu pudesse dizer ao meu empres\u00e1rio para dizer ao UFC &#8216;sim&#8217;, lesionei-me. Recebi uma chamada a 10 de outubro e ofereceram-me o combate antes de o oferecer ao Kamar Usman. Portanto, poderia facilmente ter sido eu no lugar dele&#8221;.<\/p>\n<\/blockquote>\n<p>Anteriormente, Roman Dolidze desistiu do seu combate com Derek Brunson, que foi dispensado do seu contrato e abandonou o plantel da liga mais forte do mundo.<\/p>\n<\/p>\n<\/div>\n<p class=\"source-link\">Fonte: https:\/\/fighttime.ru\/news\/item\/32965-boj-dzhareda-kannonira-i-romana-dolidze-otmenen.html?rand=19907<\/p>\n","protected":false},"excerpt":{"rendered":"<p>Jared Cannonier, ex-desafiante ao t\u00edtulo de pesos m\u00e9dios do UFC, rompeu os ligamentos do joelho e n\u00e3o vai participar no combate contra Roman Dolidze, que estava marcado para 2 de dezembro em Austin, Texas. &#8220;Vou ser operado na quinta-feira, ent\u00e3o a luta n\u00e3o vai acontecer em dezembro e o UFC sabe disso&#8221;, disse o americano [&hellip;]<\/p>\n","protected":false},"author":1,"featured_media":406247,"comment_status":"","ping_status":"open","sticky":false,"template":"","format":"standard","meta":{"footnotes":""},"categories":[1170],"tags":[372,478],"_links":{"self":[{"href":"https:\/\/wmmaa.org\/pt-pt\/wp-json\/wp\/v2\/posts\/406262"}],"collection":[{"href":"https:\/\/wmmaa.org\/pt-pt\/wp-json\/wp\/v2\/posts"}],"about":[{"href":"https:\/\/wmmaa.org\/pt-pt\/wp-json\/wp\/v2\/types\/post"}],"author":[{"embeddable":true,"href":"https:\/\/wmmaa.org\/pt-pt\/wp-json\/wp\/v2\/users\/1"}],"replies":[{"embeddable":true,"href":"https:\/\/wmmaa.org\/pt-pt\/wp-json\/wp\/v2\/comments?post=406262"}],"version-history":[{"count":0,"href":"https:\/\/wmmaa.org\/pt-pt\/wp-json\/wp\/v2\/posts\/406262\/revisions"}],"wp:featuredmedia":[{"embeddable":true,"href":"https:\/\/wmmaa.org\/pt-pt\/wp-json\/wp\/v2\/media\/406247"}],"wp:attachment":[{"href":"https:\/\/wmmaa.org\/pt-pt\/wp-json\/wp\/v2\/media?parent=406262"}],"wp:term":[{"taxonomy":"category","embeddable":true,"href":"https:\/\/wmmaa.org\/pt-pt\/wp-json\/wp\/v2\/categories?post=406262"},{"taxonomy":"post_tag","embeddable":true,"href":"https:\/\/wmmaa.org\/pt-pt\/wp-json\/wp\/v2\/tags?post=406262"}],"curies":[{"name":"wp","href":"https:\/\/api.w.org\/{rel}","templated":true}]}}