{"id":405777,"date":"2023-10-20T22:58:42","date_gmt":"2023-10-20T19:58:42","guid":{"rendered":"https:\/\/wmmaa.org\/ufc-reintroduz-proibicao-de-bandeiras\/"},"modified":"2023-10-20T22:58:42","modified_gmt":"2023-10-20T19:58:42","slug":"ufc-reintroduz-proibicao-de-bandeiras","status":"publish","type":"post","link":"https:\/\/wmmaa.org\/pt-pt\/ufc-reintroduz-proibicao-de-bandeiras\/","title":{"rendered":"UFC reintroduz proibi\u00e7\u00e3o de bandeiras"},"content":{"rendered":"<div id=\"feat-img-reg\" class=\"relative\">\n <img decoding=\"async\" src=\"https:\/\/wmmaa.org\/wp-content\/uploads\/2023\/10\/UFC-reintroduces-flag-ban.jpg\" alt=\"UFC reintroduz proibi\u00e7\u00e3o de bandeiras\"><\/div>\n<div class=\"itemIntroText\">\n<p>Duas semanas depois de o diretor executivo da UFC, Dana White, ter levantado publicamente a proibi\u00e7\u00e3o de bandeiras nacionais no oct\u00f3gono, a organiza\u00e7\u00e3o proibiu os participantes no UFC 294 de exibirem s\u00edmbolos nacionais durante o evento.<\/p>\n<\/p>\n<\/div>\n<div class=\"itemFullText\">\n<p>Muhammad Mokayev, natural do Daguest\u00e3o, que fala em nome da Gr\u00e3-Bretanha, relatou o facto nas redes sociais.<\/p>\n<blockquote>\n<p>&#8220;N\u00e3o h\u00e1 bandeiras no UFC 294&#8221;, escreveu Mokayev.<\/p>\n<\/blockquote>\n<p>Tamb\u00e9m esta informa\u00e7\u00e3o foi confirmada numa entrevista \u00e0 Match TV pelo treinador da russa Victoria Dudakova, Gasanali Gasanaliev.<\/p>\n<blockquote>\n<p>&#8220;Disseram que desta vez n\u00e3o \u00e9 permitido usar bandeiras&#8221;, disse o especialista russo.<\/p>\n<\/blockquote>\n<p>Uma semana antes, a russa Irina Alekseeva levou a bandeira russa para o oct\u00f3gono e o brasileiro Michel Pereira apareceu inesperadamente com a bandeira de Israel, recebendo uma rea\u00e7\u00e3o negativa de lutadores e f\u00e3s que apoiam a Palestina na escalada do conflito internacional.<\/p>\n<p>H\u00e1 rumores de que foi o ato do brasileiro que causou outra proibi\u00e7\u00e3o da bandeira, uma vez que o aparecimento de uma bandeira israelita em Abu Dhabi pode ter as consequ\u00eancias mais imprevis\u00edveis.<\/p>\n<p>Ainda n\u00e3o se sabe se a proibi\u00e7\u00e3o de s\u00edmbolos de Estado se estende a um \u00fanico evento ou se durar\u00e1 at\u00e9 que a situa\u00e7\u00e3o internacional se estabilize.<\/p>\n<p>A liga mais forte introduziu inicialmente uma proibi\u00e7\u00e3o de exibi\u00e7\u00e3o de bandeiras com o in\u00edcio da opera\u00e7\u00e3o militar especial da R\u00fassia na Ucr\u00e2nia.<\/p>\n<p>Recorde-se que os participantes no torneio UFC 294 ser\u00e3o seis russos, incluindo o atual campe\u00e3o de pesos leves do UFC, Islam Makhachev, que na luta principal do evento defender\u00e1 o t\u00edtulo contra o australiano Alexander Volkanovski.<\/p>\n<\/p>\n<\/div>\n<p class=\"source-link\">Fonte: https:\/\/fighttime.ru\/news\/item\/32937-ufc-povtorno-vvodit-zapret-na-flagi.html?rand=19907<\/p>\n","protected":false},"excerpt":{"rendered":"<p>Duas semanas depois de o diretor executivo da UFC, Dana White, ter levantado publicamente a proibi\u00e7\u00e3o de bandeiras nacionais no oct\u00f3gono, a organiza\u00e7\u00e3o proibiu os participantes no UFC 294 de exibirem s\u00edmbolos nacionais durante o evento. Muhammad Mokayev, natural do Daguest\u00e3o, que fala em nome da Gr\u00e3-Bretanha, relatou o facto nas redes sociais. &#8220;N\u00e3o h\u00e1 [&hellip;]<\/p>\n","protected":false},"author":1,"featured_media":405761,"comment_status":"","ping_status":"open","sticky":false,"template":"","format":"standard","meta":{"footnotes":""},"categories":[1170],"tags":[137,4020],"_links":{"self":[{"href":"https:\/\/wmmaa.org\/pt-pt\/wp-json\/wp\/v2\/posts\/405777"}],"collection":[{"href":"https:\/\/wmmaa.org\/pt-pt\/wp-json\/wp\/v2\/posts"}],"about":[{"href":"https:\/\/wmmaa.org\/pt-pt\/wp-json\/wp\/v2\/types\/post"}],"author":[{"embeddable":true,"href":"https:\/\/wmmaa.org\/pt-pt\/wp-json\/wp\/v2\/users\/1"}],"replies":[{"embeddable":true,"href":"https:\/\/wmmaa.org\/pt-pt\/wp-json\/wp\/v2\/comments?post=405777"}],"version-history":[{"count":0,"href":"https:\/\/wmmaa.org\/pt-pt\/wp-json\/wp\/v2\/posts\/405777\/revisions"}],"wp:featuredmedia":[{"embeddable":true,"href":"https:\/\/wmmaa.org\/pt-pt\/wp-json\/wp\/v2\/media\/405761"}],"wp:attachment":[{"href":"https:\/\/wmmaa.org\/pt-pt\/wp-json\/wp\/v2\/media?parent=405777"}],"wp:term":[{"taxonomy":"category","embeddable":true,"href":"https:\/\/wmmaa.org\/pt-pt\/wp-json\/wp\/v2\/categories?post=405777"},{"taxonomy":"post_tag","embeddable":true,"href":"https:\/\/wmmaa.org\/pt-pt\/wp-json\/wp\/v2\/tags?post=405777"}],"curies":[{"name":"wp","href":"https:\/\/api.w.org\/{rel}","templated":true}]}}