{"id":399098,"date":"2023-09-16T19:14:07","date_gmt":"2023-09-16T16:14:07","guid":{"rendered":"https:\/\/wmmaa.org\/marlon-vera-acusou-sean-omalley-de-se-recusar-a-aceitar-o-combate\/"},"modified":"2023-09-16T19:14:07","modified_gmt":"2023-09-16T16:14:07","slug":"marlon-vera-acusou-sean-omalley-de-se-recusar-a-aceitar-o-combate","status":"publish","type":"post","link":"https:\/\/wmmaa.org\/pt-pt\/marlon-vera-acusou-sean-omalley-de-se-recusar-a-aceitar-o-combate\/","title":{"rendered":"Marlon Vera acusou Sean O&#8217;Malley de se recusar a aceitar o combate"},"content":{"rendered":"<div id=\"feat-img-reg\" class=\"relative\">\n <img decoding=\"async\" src=\"https:\/\/wmmaa.org\/wp-content\/uploads\/2023\/09\/Marlon-Vera-accused-Sean-OMalley-of-refusing-to-take-the.jpg\" alt=\"Marlon Vera acusou Sean O&#039;Malley de se recusar a aceitar o combate\"><\/div>\n<div class=\"itemIntroText\">\n<p>O n\u00famero seis da divis\u00e3o de pesos ligeiros da UFC, Marlon Vera, que recebeu um desafio de Sean O&#8217;Malley depois de o americano ter conseguido arrebatar o t\u00edtulo ao seu compatriota Aljamain Sterling, revelou que o novo campe\u00e3o da divis\u00e3o deixou cair a ideia de lutar com ele antes do final do ano.<\/p>\n<\/p>\n<\/div>\n<div class=\"itemFullText\">\n<blockquote>\n<p>&#8220;Nesta altura, ainda ningu\u00e9m falou comigo&#8221;, disse o equatoriano \u00e0 imprensa e aos f\u00e3s em Las Vegas. &#8220;Estou a preparar-me como se tivesse um combate em dezembro. Quanto a O&#8217;Malley, o tipo falou muito sobre o combate, mas agora recuou. Acho que se fores campe\u00e3o podes escolher os teus combates, por isso vamos ver o que este s**** quer realmente&#8221;.<\/p>\n<p>&#8220;Continuo a treinar, a melhorar, a manter-me em melhor forma. Preciso de ser um pouco mais r\u00e1pido e um pouco mais t\u00e9cnico do que fui no primeiro combate, \u00e9 tudo o que preciso. Ele \u00e9 um bom lutador, tem o cintur\u00e3o, mas n\u00e3o se iludam &#8211; vou dar-lhe outra tareia.&#8221;<\/p>\n<\/blockquote>\n<p>Recorde-se que, h\u00e1 tr\u00eas anos, Marlon Vera infligiu a \u00fanica derrota da sua carreira a Sean O&#8217;Malley, ao derrot\u00e1-lo por nocaute t\u00e9cnico no primeiro assalto. De acordo com o plano do campe\u00e3o, a desforra com &#8220;Cheeto&#8221; estava marcada para 16 de dezembro, no UFC 296, em Las Vegas.<\/p>\n<\/p>\n<\/div>\n<p class=\"source-link\">Fonte: https:\/\/fighttime.ru\/news\/item\/32643-marlon-vera-obvinil-shona-o-melli-v-otkaze-ot-poedinka.html?rand=19907<\/p>\n","protected":false},"excerpt":{"rendered":"<p>O n\u00famero seis da divis\u00e3o de pesos ligeiros da UFC, Marlon Vera, que recebeu um desafio de Sean O&#8217;Malley depois de o americano ter conseguido arrebatar o t\u00edtulo ao seu compatriota Aljamain Sterling, revelou que o novo campe\u00e3o da divis\u00e3o deixou cair a ideia de lutar com ele antes do final do ano. &#8220;Nesta altura, [&hellip;]<\/p>\n","protected":false},"author":1,"featured_media":399084,"comment_status":"","ping_status":"open","sticky":false,"template":"","format":"standard","meta":{"footnotes":""},"categories":[1170],"tags":[458,121],"_links":{"self":[{"href":"https:\/\/wmmaa.org\/pt-pt\/wp-json\/wp\/v2\/posts\/399098"}],"collection":[{"href":"https:\/\/wmmaa.org\/pt-pt\/wp-json\/wp\/v2\/posts"}],"about":[{"href":"https:\/\/wmmaa.org\/pt-pt\/wp-json\/wp\/v2\/types\/post"}],"author":[{"embeddable":true,"href":"https:\/\/wmmaa.org\/pt-pt\/wp-json\/wp\/v2\/users\/1"}],"replies":[{"embeddable":true,"href":"https:\/\/wmmaa.org\/pt-pt\/wp-json\/wp\/v2\/comments?post=399098"}],"version-history":[{"count":0,"href":"https:\/\/wmmaa.org\/pt-pt\/wp-json\/wp\/v2\/posts\/399098\/revisions"}],"wp:featuredmedia":[{"embeddable":true,"href":"https:\/\/wmmaa.org\/pt-pt\/wp-json\/wp\/v2\/media\/399084"}],"wp:attachment":[{"href":"https:\/\/wmmaa.org\/pt-pt\/wp-json\/wp\/v2\/media?parent=399098"}],"wp:term":[{"taxonomy":"category","embeddable":true,"href":"https:\/\/wmmaa.org\/pt-pt\/wp-json\/wp\/v2\/categories?post=399098"},{"taxonomy":"post_tag","embeddable":true,"href":"https:\/\/wmmaa.org\/pt-pt\/wp-json\/wp\/v2\/tags?post=399098"}],"curies":[{"name":"wp","href":"https:\/\/api.w.org\/{rel}","templated":true}]}}