{"id":397419,"date":"2023-09-05T09:14:48","date_gmt":"2023-09-05T06:14:48","guid":{"rendered":"https:\/\/wmmaa.org\/foi-nomeado-o-substituto-para-o-combate-entre-adesanya-e-strickland\/"},"modified":"2023-09-05T09:14:48","modified_gmt":"2023-09-05T06:14:48","slug":"foi-nomeado-o-substituto-para-o-combate-entre-adesanya-e-strickland","status":"publish","type":"post","link":"https:\/\/wmmaa.org\/pt-pt\/foi-nomeado-o-substituto-para-o-combate-entre-adesanya-e-strickland\/","title":{"rendered":"Foi nomeado o substituto para o combate entre Adesanya e Strickland"},"content":{"rendered":"<div id=\"feat-img-reg\" class=\"relative\">\n <img decoding=\"async\" src=\"https:\/\/wmmaa.org\/wp-content\/uploads\/2023\/09\/The-replacement-for-the-fight-between-Adesanya-and-Strickland-has.jpg\" alt=\"Foi nomeado um substituto para o combate entre Adesanya e Strickland\"><\/div>\n<div class=\"itemIntroText\">\n<p>O n\u00famero 3 do ranking dos pesos m\u00e9dios do UFC, Jared Cannonier, vai segurar oficialmente a luta pelo t\u00edtulo deste fim de semana entre Israel Adesanya e Sean Strickland, manchete do UFC 293 em Sydney, em 9 de setembro.<\/p>\n<\/p>\n<\/div>\n<div class=\"itemFullText\">\n<p>O americano disse \u00e0 publica\u00e7\u00e3o MMA Junkie depois de chegar ao continente australiano no dia anterior.<\/p>\n<p>Em julho passado, Jared Cannonier fez uma tentativa frustrada de tirar o cintur\u00e3o do campeonato de Israel Adesanya, perdendo para o nigeriano por decis\u00e3o un\u00e2nime em cinco rodadas. O americano de 39 anos, em seguida, fez duas vit\u00f3rias consecutivas, ganhando uma decis\u00e3o dividida sobre Sean Strickland e uma decis\u00e3o un\u00e2nime sobre Marvin Vettori.<\/p>\n<p>Acima de Cannonier no ranking est\u00e3o Robert Whittaker e Dricus Du Plessis, classificados em segundo e primeiro lugar na divis\u00e3o, respetivamente. O sul-africano nocauteou sensacionalmente o australiano em uma luta de desafiantes em julho, mas se recusou a se apresentar para uma luta contra o campe\u00e3o dois meses depois, concedendo uma chance de t\u00edtulo para Strickland.<\/p>\n<\/p>\n<\/div>\n<p class=\"source-link\">Fonte: https:\/\/fighttime.ru\/news\/item\/32541-nazvan-zapasnoj-uchastnik-boya-mezhdu-adesanej-i-striklendom.html?rand=19907<\/p>\n","protected":false},"excerpt":{"rendered":"<p>O n\u00famero 3 do ranking dos pesos m\u00e9dios do UFC, Jared Cannonier, vai segurar oficialmente a luta pelo t\u00edtulo deste fim de semana entre Israel Adesanya e Sean Strickland, manchete do UFC 293 em Sydney, em 9 de setembro. O americano disse \u00e0 publica\u00e7\u00e3o MMA Junkie depois de chegar ao continente australiano no dia anterior. [&hellip;]<\/p>\n","protected":false},"author":1,"featured_media":397405,"comment_status":"","ping_status":"open","sticky":false,"template":"","format":"standard","meta":{"footnotes":""},"categories":[1170],"tags":[19,372,386,4322],"_links":{"self":[{"href":"https:\/\/wmmaa.org\/pt-pt\/wp-json\/wp\/v2\/posts\/397419"}],"collection":[{"href":"https:\/\/wmmaa.org\/pt-pt\/wp-json\/wp\/v2\/posts"}],"about":[{"href":"https:\/\/wmmaa.org\/pt-pt\/wp-json\/wp\/v2\/types\/post"}],"author":[{"embeddable":true,"href":"https:\/\/wmmaa.org\/pt-pt\/wp-json\/wp\/v2\/users\/1"}],"replies":[{"embeddable":true,"href":"https:\/\/wmmaa.org\/pt-pt\/wp-json\/wp\/v2\/comments?post=397419"}],"version-history":[{"count":0,"href":"https:\/\/wmmaa.org\/pt-pt\/wp-json\/wp\/v2\/posts\/397419\/revisions"}],"wp:featuredmedia":[{"embeddable":true,"href":"https:\/\/wmmaa.org\/pt-pt\/wp-json\/wp\/v2\/media\/397405"}],"wp:attachment":[{"href":"https:\/\/wmmaa.org\/pt-pt\/wp-json\/wp\/v2\/media?parent=397419"}],"wp:term":[{"taxonomy":"category","embeddable":true,"href":"https:\/\/wmmaa.org\/pt-pt\/wp-json\/wp\/v2\/categories?post=397419"},{"taxonomy":"post_tag","embeddable":true,"href":"https:\/\/wmmaa.org\/pt-pt\/wp-json\/wp\/v2\/tags?post=397419"}],"curies":[{"name":"wp","href":"https:\/\/api.w.org\/{rel}","templated":true}]}}