{"id":397310,"date":"2023-09-04T11:06:43","date_gmt":"2023-09-04T08:06:43","guid":{"rendered":"https:\/\/wmmaa.org\/volkanovski-fez-a-sua-previsao-para-o-combate-adesanya-vs-strickland\/"},"modified":"2023-09-04T11:06:43","modified_gmt":"2023-09-04T08:06:43","slug":"volkanovski-fez-a-sua-previsao-para-o-combate-adesanya-vs-strickland","status":"publish","type":"post","link":"https:\/\/wmmaa.org\/pt-pt\/volkanovski-fez-a-sua-previsao-para-o-combate-adesanya-vs-strickland\/","title":{"rendered":"Volkanovski fez a sua previs\u00e3o para o combate Adesanya vs. Strickland"},"content":{"rendered":"<div id=\"feat-img-reg\" class=\"relative\">\n <img decoding=\"async\" src=\"https:\/\/wmmaa.org\/wp-content\/uploads\/2023\/09\/Volkanovski-gave-his-prediction-for-the-Adesanya-vs-Strickland-fight.jpg\" alt=\"Wolkanowski fez a sua previs\u00e3o para o combate entre Adesanya e Strickland\"><\/div>\n<div class=\"itemIntroText\">\n<p>O atual campe\u00e3o dos penas do UFC, Alexander Volkanovski, compartilhou sua opini\u00e3o sobre a pr\u00f3xima luta entre Israel Adesanya e Sean Strickland, na qual seu amigo defender\u00e1 o cintur\u00e3o do campeonato de pesos m\u00e9dios do UFC.<\/p>\n<\/p>\n<\/div>\n<div class=\"itemFullText\">\n<blockquote>\n<p>&#8220;Obviamente, Sean vai estar falando, tentando entrar em sua pele, ent\u00e3o vai ser divertido&#8221;, disse o australiano em um v\u00eddeo postado em seu canal no YouTube. &#8220;Acho que o Izzy vai pression\u00e1-lo e faz\u00ea-lo pagar por toda a conversa. O Sean vai responder por todas as palavras que disse &#8211; ele vai mesmo magoar-se, n\u00e3o tenho d\u00favidas disso. O Izzy vai fazer-lhe muitos estragos&#8221;.<\/p>\n<\/blockquote>\n<p>Como um lembrete, a luta de peso m\u00e9dio entre Israel Adesanya e Sean Strickland ser\u00e1 o evento principal do UFC 293, que acontece em 9 de setembro em Sydney.<\/p>\n<p>O nigeriano luta contra o americano \u00e9 for\u00e7ado, j\u00e1 que o candidato n\u00famero um da divis\u00e3o, o sul-africano Dricus Du Plessis, se recusou a retornar ao oct\u00f3gono dois meses depois de nocautear Robert Whittaker em uma luta de desafiante.<\/p>\n<\/p>\n<\/div>\n<p class=\"source-link\">Fonte: https:\/\/fighttime.ru\/news\/item\/32535-volkanovski-dal-prognoz-na-boj-adesani-i-striklenda.html?rand=19907<\/p>\n","protected":false},"excerpt":{"rendered":"<p>O atual campe\u00e3o dos penas do UFC, Alexander Volkanovski, compartilhou sua opini\u00e3o sobre a pr\u00f3xima luta entre Israel Adesanya e Sean Strickland, na qual seu amigo defender\u00e1 o cintur\u00e3o do campeonato de pesos m\u00e9dios do UFC. &#8220;Obviamente, Sean vai estar falando, tentando entrar em sua pele, ent\u00e3o vai ser divertido&#8221;, disse o australiano em um [&hellip;]<\/p>\n","protected":false},"author":1,"featured_media":397297,"comment_status":"","ping_status":"open","sticky":false,"template":"","format":"standard","meta":{"footnotes":""},"categories":[1170],"tags":[326,19,386,4322],"_links":{"self":[{"href":"https:\/\/wmmaa.org\/pt-pt\/wp-json\/wp\/v2\/posts\/397310"}],"collection":[{"href":"https:\/\/wmmaa.org\/pt-pt\/wp-json\/wp\/v2\/posts"}],"about":[{"href":"https:\/\/wmmaa.org\/pt-pt\/wp-json\/wp\/v2\/types\/post"}],"author":[{"embeddable":true,"href":"https:\/\/wmmaa.org\/pt-pt\/wp-json\/wp\/v2\/users\/1"}],"replies":[{"embeddable":true,"href":"https:\/\/wmmaa.org\/pt-pt\/wp-json\/wp\/v2\/comments?post=397310"}],"version-history":[{"count":0,"href":"https:\/\/wmmaa.org\/pt-pt\/wp-json\/wp\/v2\/posts\/397310\/revisions"}],"wp:featuredmedia":[{"embeddable":true,"href":"https:\/\/wmmaa.org\/pt-pt\/wp-json\/wp\/v2\/media\/397297"}],"wp:attachment":[{"href":"https:\/\/wmmaa.org\/pt-pt\/wp-json\/wp\/v2\/media?parent=397310"}],"wp:term":[{"taxonomy":"category","embeddable":true,"href":"https:\/\/wmmaa.org\/pt-pt\/wp-json\/wp\/v2\/categories?post=397310"},{"taxonomy":"post_tag","embeddable":true,"href":"https:\/\/wmmaa.org\/pt-pt\/wp-json\/wp\/v2\/tags?post=397310"}],"curies":[{"name":"wp","href":"https:\/\/api.w.org\/{rel}","templated":true}]}}