{"id":396410,"date":"2023-08-28T21:33:42","date_gmt":"2023-08-28T18:33:42","guid":{"rendered":"https:\/\/wmmaa.org\/israel-adesanya-vou-pintar-as-minhas-unhas-e-derrubar-o-strickland-com-elas\/"},"modified":"2023-08-28T21:33:42","modified_gmt":"2023-08-28T18:33:42","slug":"israel-adesanya-vou-pintar-as-minhas-unhas-e-derrubar-o-strickland-com-elas","status":"publish","type":"post","link":"https:\/\/wmmaa.org\/pt-pt\/israel-adesanya-vou-pintar-as-minhas-unhas-e-derrubar-o-strickland-com-elas\/","title":{"rendered":"Israel Adesanya: &#8220;Vou pintar as minhas unhas e derrubar o Strickland com elas&#8221;."},"content":{"rendered":"<div id=\"feat-img-reg\" class=\"relative\">\n <img decoding=\"async\" src=\"https:\/\/wmmaa.org\/wp-content\/uploads\/2023\/08\/Israel-Adesanya-Ill-paint-my-nails-and-knock-Strickland-out.jpg\"><\/div>\n<div class=\"itemIntroText\">\n<p>O atual campe\u00e3o dos pesos m\u00e9dios do UFC, Israel Adesanya, que est\u00e1 definido para fazer sua defesa do t\u00edtulo contra Sean Strickland em duas semanas, est\u00e1 fazendo o seu melhor para despertar o interesse em uma luta com o americano.<\/p>\n<\/p>\n<\/div>\n<div class=\"itemFullText\">\n<blockquote>\n<p>&#8220;Ele \u00e9 um idiota e eu n\u00e3o vou perder para um idiota&#8221;, MMA Fighting citou o nigeriano como dizendo. &#8220;Ele diz que n\u00e3o vai perder para um cara que vira desenhos animados e pinta as unhas. Bem, eu vou pintar as minhas unhas para este combate e vou nocaute\u00e1-lo com as minhas unhas pintadas&#8221;.<\/p>\n<p>&#8220;Eu vou pintar as minhas unhas e nocaute\u00e1-lo. Essa visualiza\u00e7\u00e3o inspira-me e motiva-me &#8211; quando o nocautear, vou mostrar as minhas unhas \u00e0 c\u00e2mara, tipo, olha, estas s\u00e3o as pontas mate com que lhe dei uma tareia. Vou fazer tudo o que estiver ao meu alcance para tornar essa visualiza\u00e7\u00e3o numa realidade&#8221;.<\/p>\n<\/blockquote>\n<p>A luta pelo t\u00edtulo dos pesos m\u00e9dios entre Israel Adesanya e Sean Strickland ser\u00e1 o evento principal do UFC 293, que acontece em 9 de setembro em Sydney.<\/p>\n<p>O campe\u00e3o luta contra o n\u00famero 5 da divis\u00e3o for\u00e7ado, j\u00e1 que Dricus Du Plessis se recusou a retornar ao oct\u00f3gono dois meses depois de nocautear Robert Whittaker em uma luta de desafiantes.<\/p>\n<\/p>\n<\/div>\n<p class=\"source-link\">Fonte: https:\/\/fighttime.ru\/news\/item\/32486-israel-adesanya-nakrashu-nogti-i-nokautiruyu-imi-striklenda.html?rand=19907<\/p>\n","protected":false},"excerpt":{"rendered":"<p>O atual campe\u00e3o dos pesos m\u00e9dios do UFC, Israel Adesanya, que est\u00e1 definido para fazer sua defesa do t\u00edtulo contra Sean Strickland em duas semanas, est\u00e1 fazendo o seu melhor para despertar o interesse em uma luta com o americano. &#8220;Ele \u00e9 um idiota e eu n\u00e3o vou perder para um idiota&#8221;, MMA Fighting citou [&hellip;]<\/p>\n","protected":false},"author":1,"featured_media":396395,"comment_status":"","ping_status":"open","sticky":false,"template":"","format":"standard","meta":{"footnotes":""},"categories":[1170],"tags":[19,386],"_links":{"self":[{"href":"https:\/\/wmmaa.org\/pt-pt\/wp-json\/wp\/v2\/posts\/396410"}],"collection":[{"href":"https:\/\/wmmaa.org\/pt-pt\/wp-json\/wp\/v2\/posts"}],"about":[{"href":"https:\/\/wmmaa.org\/pt-pt\/wp-json\/wp\/v2\/types\/post"}],"author":[{"embeddable":true,"href":"https:\/\/wmmaa.org\/pt-pt\/wp-json\/wp\/v2\/users\/1"}],"replies":[{"embeddable":true,"href":"https:\/\/wmmaa.org\/pt-pt\/wp-json\/wp\/v2\/comments?post=396410"}],"version-history":[{"count":0,"href":"https:\/\/wmmaa.org\/pt-pt\/wp-json\/wp\/v2\/posts\/396410\/revisions"}],"wp:featuredmedia":[{"embeddable":true,"href":"https:\/\/wmmaa.org\/pt-pt\/wp-json\/wp\/v2\/media\/396395"}],"wp:attachment":[{"href":"https:\/\/wmmaa.org\/pt-pt\/wp-json\/wp\/v2\/media?parent=396410"}],"wp:term":[{"taxonomy":"category","embeddable":true,"href":"https:\/\/wmmaa.org\/pt-pt\/wp-json\/wp\/v2\/categories?post=396410"},{"taxonomy":"post_tag","embeddable":true,"href":"https:\/\/wmmaa.org\/pt-pt\/wp-json\/wp\/v2\/tags?post=396410"}],"curies":[{"name":"wp","href":"https:\/\/api.w.org\/{rel}","templated":true}]}}