{"id":396386,"date":"2023-08-28T17:26:43","date_gmt":"2023-08-28T14:26:43","guid":{"rendered":"https:\/\/wmmaa.org\/?p=396386"},"modified":"2023-08-28T17:26:43","modified_gmt":"2023-08-28T14:26:43","slug":"dustin-puryear-fez-uma-declaracao-sobre-o-seu-regresso-iminente-ao-octogono","status":"publish","type":"post","link":"https:\/\/wmmaa.org\/pt-pt\/dustin-puryear-fez-uma-declaracao-sobre-o-seu-regresso-iminente-ao-octogono\/","title":{"rendered":"Dustin Puryear fez uma declara\u00e7\u00e3o sobre o seu regresso iminente ao oct\u00f3gono"},"content":{"rendered":"<div id=\"feat-img-reg\" class=\"relative\">\n <img decoding=\"async\" src=\"https:\/\/wmmaa.org\/wp-content\/uploads\/2023\/08\/Dustin-Puryear-has-made-a-statement-about-his-imminent-return.jpg\" alt=\"Dustin Porier fez uma declara\u00e7\u00e3o sobre o seu regresso iminente ao oct\u00f3gono\"><\/div>\n<div class=\"itemIntroText\">\n<p>O ex-campe\u00e3o interino dos leves do UFC, Dustin Porier, que sofreu uma derrota precoce em uma luta de desafiante contra Justin Gaethje h\u00e1 um m\u00eas, deve retornar ao oct\u00f3gono antes do final deste ano.<\/p>\n<\/p>\n<\/div>\n<div class=\"itemFullText\">\n<blockquote>\n<p>&#8220;Eu vou lutar novamente este ano&#8221;, escreveu &#8220;Diamond&#8221; nas redes sociais.<\/p>\n<\/blockquote>\n<p>Em 29 de julho no UFC 291 em Salt Lake City, Justin Gaethje nocauteou Dustin Porier com um chute na perna na cabe\u00e7a no segundo round, tornando-se o detentor do t\u00edtulo da BMF e principal candidato a lutar contra o vencedor da luta pelo t\u00edtulo entre Islam Makhachev e Charles Oliveira.<\/p>\n<p>Ap\u00f3s o combate, Puryear afirmou que iria lutar o seu pr\u00f3ximo combate em peso-m\u00e9dio, e depois deixou claro que estava disposto a ficar na divis\u00e3o de pesos-leves se lhe fosse permitido completar a sua trilogia com Gaethje.<\/p>\n<p>Dustin Porier est\u00e1 atualmente classificado em terceiro lugar no ranking de pesos leves do UFC.<\/p>\n<\/p>\n<\/div>\n<p class=\"source-link\">Fonte: https:\/\/fighttime.ru\/news\/item\/32485-dastin-pore-sdelal-zayavlenie-o-skorom-vozvrashchenii-v-oktagon.html?rand=19907<\/p>\n","protected":false},"excerpt":{"rendered":"<p>O ex-campe\u00e3o interino dos leves do UFC, Dustin Porier, que sofreu uma derrota precoce em uma luta de desafiante contra Justin Gaethje h\u00e1 um m\u00eas, deve retornar ao oct\u00f3gono antes do final deste ano. &#8220;Eu vou lutar novamente este ano&#8221;, escreveu &#8220;Diamond&#8221; nas redes sociais. Em 29 de julho no UFC 291 em Salt Lake [&hellip;]<\/p>\n","protected":false},"author":1,"featured_media":396377,"comment_status":"closed","ping_status":"open","sticky":false,"template":"","format":"standard","meta":{"footnotes":""},"categories":[1170],"tags":[4665],"_links":{"self":[{"href":"https:\/\/wmmaa.org\/pt-pt\/wp-json\/wp\/v2\/posts\/396386"}],"collection":[{"href":"https:\/\/wmmaa.org\/pt-pt\/wp-json\/wp\/v2\/posts"}],"about":[{"href":"https:\/\/wmmaa.org\/pt-pt\/wp-json\/wp\/v2\/types\/post"}],"author":[{"embeddable":true,"href":"https:\/\/wmmaa.org\/pt-pt\/wp-json\/wp\/v2\/users\/1"}],"replies":[{"embeddable":true,"href":"https:\/\/wmmaa.org\/pt-pt\/wp-json\/wp\/v2\/comments?post=396386"}],"version-history":[{"count":0,"href":"https:\/\/wmmaa.org\/pt-pt\/wp-json\/wp\/v2\/posts\/396386\/revisions"}],"wp:featuredmedia":[{"embeddable":true,"href":"https:\/\/wmmaa.org\/pt-pt\/wp-json\/wp\/v2\/media\/396377"}],"wp:attachment":[{"href":"https:\/\/wmmaa.org\/pt-pt\/wp-json\/wp\/v2\/media?parent=396386"}],"wp:term":[{"taxonomy":"category","embeddable":true,"href":"https:\/\/wmmaa.org\/pt-pt\/wp-json\/wp\/v2\/categories?post=396386"},{"taxonomy":"post_tag","embeddable":true,"href":"https:\/\/wmmaa.org\/pt-pt\/wp-json\/wp\/v2\/tags?post=396386"}],"curies":[{"name":"wp","href":"https:\/\/api.w.org\/{rel}","templated":true}]}}