{"id":391219,"date":"2023-07-14T22:57:46","date_gmt":"2023-07-14T19:57:46","guid":{"rendered":"https:\/\/wmmaa.org\/jiri-prochazka-recorreu-a-jamal-hill-e-ao-ufc\/"},"modified":"2023-07-14T22:57:46","modified_gmt":"2023-07-14T19:57:46","slug":"jiri-prochazka-recorreu-a-jamal-hill-e-ao-ufc","status":"publish","type":"post","link":"https:\/\/wmmaa.org\/pt-pt\/jiri-prochazka-recorreu-a-jamal-hill-e-ao-ufc\/","title":{"rendered":"Jiri Prochazka recorreu a Jamal Hill e ao UFC"},"content":{"rendered":"<div id=\"feat-img-reg\" class=\"relative\">\n <img decoding=\"async\" src=\"https:\/\/wmmaa.org\/wp-content\/uploads\/2023\/07\/51be282d95e98f9f4230c6d8150d7f77_XL.jpg\" alt=\"Jiri Prochazka recorreu a Jamal Hill e ao UFC\"><\/div>\n<div class=\"itemIntroText\">\n<p>O ex-campe\u00e3o dos meio-pesados \u200b\u200bdo UFC, Jiri Prochazka, comentou sobre a not\u00edcia de que o atual campe\u00e3o da divis\u00e3o, Jamal Hill, que dividiria o oct\u00f3gono com ele em seguida, sofreu uma les\u00e3o no tend\u00e3o de Aquiles em um jogo de basquete e perdeu o cintur\u00e3o.<\/p>\n<\/p>\n<\/div>\n<div class=\"itemFullText\">\n<blockquote>\n<p>&#8220;Jamal, me desculpe &#8211; eu estava realmente ansioso para a nossa luta&#8221;, escreveu o lutador tcheco na rede social. \u201cEu aprecio que voc\u00ea desocupou o t\u00edtulo. Isso s\u00f3 pode ser apreciado por uma pessoa que j\u00e1 esteve nessa situa\u00e7\u00e3o. Quem \u00e9 o pr\u00f3ximo, UFC? O vencedor da batalha Blachowicz &#8211; Pereira, ou &#8230;? Eu sou o campe\u00e3o!<\/p>\n<\/blockquote>\n<p>O americano n\u00e3o deixou sem resposta as palavras de um potencial advers\u00e1rio.<\/p>\n<blockquote>\n<p>&#8220;Obrigado Campe\u00e3o! Com certeza vamos dan\u00e7ar de novo!&#8221; Hill escreveu: &#8220;Tudo tem seu tempo. Ansioso para v\u00ea-lo oposto no oct\u00f3gono.\u201d<\/p>\n<\/blockquote>\n<p>Em novembro do ano passado, Jiri Prochazka decidiu desocupar o cintur\u00e3o dos meio-pesados \u200b\u200bdo UFC ap\u00f3s sofrer uma grave les\u00e3o no ombro, ap\u00f3s a qual a organiza\u00e7\u00e3o fez uma tentativa frustrada de disputar o t\u00edtulo vago em duelo entre Magomed Ankalaev e Jan Blachowicz, que encerrou a luta em dezembro com empate.<\/p>\n<p>Um m\u00eas depois, Glover Teixeira e Jamal Hill disputaram o t\u00edtulo, e o americano sagrou-se o novo campe\u00e3o da divis\u00e3o, derrotando o brasileiro em estilo dominante por decis\u00e3o un\u00e2nime.<\/p>\n<p>Vale lembrar que a luta dos meio-pesados \u200b\u200bentre Jan Blachowicz e Alex Pereira, citada por Prochaska, ser\u00e1 no dia 29 de julho, no UFC 291, em Salt Lake City.<\/p>\n<\/p>\n<\/div>\n<p class=\"source-link\">Fonte: https:\/\/fighttime.ru\/news\/item\/32084-irzhi-prokhazka-obratilsya-s-dzhamalu-khillu-i-ufc.html?rand=19907<\/p>\n","protected":false},"excerpt":{"rendered":"<p>O ex-campe\u00e3o dos meio-pesados \u200b\u200bdo UFC, Jiri Prochazka, comentou sobre a not\u00edcia de que o atual campe\u00e3o da divis\u00e3o, Jamal Hill, que dividiria o oct\u00f3gono com ele em seguida, sofreu uma les\u00e3o no tend\u00e3o de Aquiles em um jogo de basquete e perdeu o cintur\u00e3o. &#8220;Jamal, me desculpe &#8211; eu estava realmente ansioso para a [&hellip;]<\/p>\n","protected":false},"author":1,"featured_media":391207,"comment_status":"","ping_status":"open","sticky":false,"template":"","format":"standard","meta":{"footnotes":""},"categories":[1170],"tags":[3467,547],"_links":{"self":[{"href":"https:\/\/wmmaa.org\/pt-pt\/wp-json\/wp\/v2\/posts\/391219"}],"collection":[{"href":"https:\/\/wmmaa.org\/pt-pt\/wp-json\/wp\/v2\/posts"}],"about":[{"href":"https:\/\/wmmaa.org\/pt-pt\/wp-json\/wp\/v2\/types\/post"}],"author":[{"embeddable":true,"href":"https:\/\/wmmaa.org\/pt-pt\/wp-json\/wp\/v2\/users\/1"}],"replies":[{"embeddable":true,"href":"https:\/\/wmmaa.org\/pt-pt\/wp-json\/wp\/v2\/comments?post=391219"}],"version-history":[{"count":0,"href":"https:\/\/wmmaa.org\/pt-pt\/wp-json\/wp\/v2\/posts\/391219\/revisions"}],"wp:featuredmedia":[{"embeddable":true,"href":"https:\/\/wmmaa.org\/pt-pt\/wp-json\/wp\/v2\/media\/391207"}],"wp:attachment":[{"href":"https:\/\/wmmaa.org\/pt-pt\/wp-json\/wp\/v2\/media?parent=391219"}],"wp:term":[{"taxonomy":"category","embeddable":true,"href":"https:\/\/wmmaa.org\/pt-pt\/wp-json\/wp\/v2\/categories?post=391219"},{"taxonomy":"post_tag","embeddable":true,"href":"https:\/\/wmmaa.org\/pt-pt\/wp-json\/wp\/v2\/tags?post=391219"}],"curies":[{"name":"wp","href":"https:\/\/api.w.org\/{rel}","templated":true}]}}