{"id":389001,"date":"2023-06-30T14:25:14","date_gmt":"2023-06-30T11:25:14","guid":{"rendered":"https:\/\/wmmaa.org\/momento-da-lesao-de-henry-cejudo-registrado-em-video\/"},"modified":"2023-06-30T14:25:14","modified_gmt":"2023-06-30T11:25:14","slug":"momento-da-lesao-de-henry-cejudo-registrado-em-video","status":"publish","type":"post","link":"https:\/\/wmmaa.org\/pt-pt\/momento-da-lesao-de-henry-cejudo-registrado-em-video\/","title":{"rendered":"Momento da les\u00e3o de Henry Cejudo registrado em v\u00eddeo"},"content":{"rendered":"<div id=\"feat-img-reg\" class=\"relative\">\n <img decoding=\"async\" src=\"https:\/\/wmmaa.org\/wp-content\/uploads\/2023\/06\/bd09bfb4843eeceed6ead07efe9765a6_XL.jpg\" alt=\"Momento da les\u00e3o de Henry Cejudo registrado em v\u00eddeo\"><\/div>\n<div class=\"itemIntroText\">\n<p>O ex-bicampe\u00e3o do UFC Henry Cejudo, que desistiu da luta contra Marlon Vera devido a uma les\u00e3o, foi confirmado n\u00e3o na academia, mas durante uma an\u00e1lise anal\u00edtica da pr\u00f3xima luta de unifica\u00e7\u00e3o entre Alexander Volkanovski e Yair Rodriguez.<\/p>\n<\/p>\n<\/div>\n<div class=\"itemFullText\">\n<p>Em determinado momento, o \u201cTricampe\u00e3o\u201d come\u00e7ou a mostrar o qu\u00e3o perigosas eram as cotoveladas do mexicano nas baias, e machucou o ombro direito.<\/p>\n<blockquote>\n<p>\u201cOh, acabei de machucar meu ombro\u201d, disse o americano, fazendo uma careta de dor e segurando seu ombro.<\/p>\n<\/blockquote>\n<p>H\u00e1 algumas horas, Henry Cejudo postou um v\u00eddeo no qual anunciava que estava desistindo do UFC 292 porque rompeu um ligamento do ombro direito. Ao mesmo tempo, o ex-campe\u00e3o do UFC deixou claro que ap\u00f3s a recupera\u00e7\u00e3o, que levar\u00e1 de seis a oito semanas, n\u00e3o voltar\u00e1 a lutar com o equatoriano, mas espera dividir o oct\u00f3gono com Merab Dvalishili ou Brandon Mareno.<\/p>\n<p>Vale lembrar que o torneio UFC 292 acontecer\u00e1 no dia 19 de agosto, em Boston, e ter\u00e1 como principal evento a luta pelo cintur\u00e3o peso-galo entre Aljamain Sterling e Sean O&#8217;Malley.<\/p>\n<\/p>\n<\/div>\n<p class=\"source-link\">Fonte: https:\/\/fighttime.ru\/news\/item\/31953-moment-polucheniya-travmy-genri-sekhudo-popal-na-video.html?rand=19907<\/p>\n","protected":false},"excerpt":{"rendered":"<p>O ex-bicampe\u00e3o do UFC Henry Cejudo, que desistiu da luta contra Marlon Vera devido a uma les\u00e3o, foi confirmado n\u00e3o na academia, mas durante uma an\u00e1lise anal\u00edtica da pr\u00f3xima luta de unifica\u00e7\u00e3o entre Alexander Volkanovski e Yair Rodriguez. Em determinado momento, o \u201cTricampe\u00e3o\u201d come\u00e7ou a mostrar o qu\u00e3o perigosas eram as cotoveladas do mexicano nas [&hellip;]<\/p>\n","protected":false},"author":1,"featured_media":388986,"comment_status":"","ping_status":"open","sticky":false,"template":"","format":"standard","meta":{"footnotes":""},"categories":[1170],"tags":[1255,458,4273],"_links":{"self":[{"href":"https:\/\/wmmaa.org\/pt-pt\/wp-json\/wp\/v2\/posts\/389001"}],"collection":[{"href":"https:\/\/wmmaa.org\/pt-pt\/wp-json\/wp\/v2\/posts"}],"about":[{"href":"https:\/\/wmmaa.org\/pt-pt\/wp-json\/wp\/v2\/types\/post"}],"author":[{"embeddable":true,"href":"https:\/\/wmmaa.org\/pt-pt\/wp-json\/wp\/v2\/users\/1"}],"replies":[{"embeddable":true,"href":"https:\/\/wmmaa.org\/pt-pt\/wp-json\/wp\/v2\/comments?post=389001"}],"version-history":[{"count":0,"href":"https:\/\/wmmaa.org\/pt-pt\/wp-json\/wp\/v2\/posts\/389001\/revisions"}],"wp:featuredmedia":[{"embeddable":true,"href":"https:\/\/wmmaa.org\/pt-pt\/wp-json\/wp\/v2\/media\/388986"}],"wp:attachment":[{"href":"https:\/\/wmmaa.org\/pt-pt\/wp-json\/wp\/v2\/media?parent=389001"}],"wp:term":[{"taxonomy":"category","embeddable":true,"href":"https:\/\/wmmaa.org\/pt-pt\/wp-json\/wp\/v2\/categories?post=389001"},{"taxonomy":"post_tag","embeddable":true,"href":"https:\/\/wmmaa.org\/pt-pt\/wp-json\/wp\/v2\/tags?post=389001"}],"curies":[{"name":"wp","href":"https:\/\/api.w.org\/{rel}","templated":true}]}}