{"id":388924,"date":"2023-06-30T10:19:08","date_gmt":"2023-06-30T07:19:08","guid":{"rendered":"https:\/\/wmmaa.org\/marlon-vera-recorreu-a-petr-yan-apos-o-cancelamento-da-luta-com-henry-cejudo\/"},"modified":"2023-06-30T10:19:08","modified_gmt":"2023-06-30T07:19:08","slug":"marlon-vera-recorreu-a-petr-yan-apos-o-cancelamento-da-luta-com-henry-cejudo","status":"publish","type":"post","link":"https:\/\/wmmaa.org\/pt-pt\/marlon-vera-recorreu-a-petr-yan-apos-o-cancelamento-da-luta-com-henry-cejudo\/","title":{"rendered":"Marlon Vera recorreu a Petr Yan ap\u00f3s o cancelamento da luta com Henry Cejudo"},"content":{"rendered":"<div id=\"feat-img-reg\" class=\"relative\">\n <img decoding=\"async\" src=\"https:\/\/wmmaa.org\/wp-content\/uploads\/2023\/06\/d0d04a6458e01e02eaafdf8d1760a781_XL.jpg\" alt=\"Marlon Vera recorreu a Petr Yan ap\u00f3s o cancelamento da luta com Henry Cejudo\"><\/div>\n<div class=\"itemIntroText\">\n<p>O n\u00famero seis do peso galo do UFC, Marlon Vera, reagiu \u00e0 not\u00edcia de que sua luta contra Henry Cejudo n\u00e3o acontecer\u00e1 devido a uma les\u00e3o do americano.<\/p>\n<\/p>\n<\/div>\n<div class=\"itemFullText\">\n<blockquote>\n<p>\u201cBem, foda-se\u201d, declarou o lutador equatoriano visivelmente frustrado em um v\u00eddeo de quatro segundos postado nas redes sociais.<\/p>\n<\/blockquote>\n<p>Vera tamb\u00e9m recorreu ao lutador russo Petr Yan, oferecendo o ex-campe\u00e3o da divis\u00e3o para substitu\u00ed-lo.<\/p>\n<blockquote>\n<p>&#8220;Jan, saia!&#8221; Vera escreveu.<\/p>\n<\/blockquote>\n<p>Mais cedo, Henry Cejudo publicou um v\u00eddeo em que anunciava uma les\u00e3o no ombro, e tamb\u00e9m deixou claro que ap\u00f3s a recupera\u00e7\u00e3o n\u00e3o pretende voltar \u00e0 luta com Marlon Vera, mas espera dividir o oct\u00f3gono com Merab Dvalishvili ou Brandon Moreno.<\/p>\n<p>A luta entre Henry Cejudo e Marlon Vera era para fazer parte do torneio UFC 292, que acontecer\u00e1 no dia 19 de agosto, em Boston.<\/p>\n<p>Petr Yan sofreu sua terceira derrota consecutiva em mar\u00e7o deste ano, ao perder por decis\u00e3o un\u00e2nime para Merab Dvalishvili, e atualmente ocupa o quinto lugar no ranking peso-galo do UFC.<\/p>\n<\/p>\n<\/div>\n<p class=\"source-link\">Fonte: https:\/\/fighttime.ru\/news\/item\/31949-marlon-vera-obratilsya-k-petru-yanu-posle-otmeny-boya-s-genri-sekhudo.html?rand=19907<\/p>\n","protected":false},"excerpt":{"rendered":"<p>O n\u00famero seis do peso galo do UFC, Marlon Vera, reagiu \u00e0 not\u00edcia de que sua luta contra Henry Cejudo n\u00e3o acontecer\u00e1 devido a uma les\u00e3o do americano. \u201cBem, foda-se\u201d, declarou o lutador equatoriano visivelmente frustrado em um v\u00eddeo de quatro segundos postado nas redes sociais. Vera tamb\u00e9m recorreu ao lutador russo Petr Yan, oferecendo [&hellip;]<\/p>\n","protected":false},"author":1,"featured_media":388914,"comment_status":"","ping_status":"open","sticky":false,"template":"","format":"standard","meta":{"footnotes":""},"categories":[1170],"tags":[1255,458,15],"_links":{"self":[{"href":"https:\/\/wmmaa.org\/pt-pt\/wp-json\/wp\/v2\/posts\/388924"}],"collection":[{"href":"https:\/\/wmmaa.org\/pt-pt\/wp-json\/wp\/v2\/posts"}],"about":[{"href":"https:\/\/wmmaa.org\/pt-pt\/wp-json\/wp\/v2\/types\/post"}],"author":[{"embeddable":true,"href":"https:\/\/wmmaa.org\/pt-pt\/wp-json\/wp\/v2\/users\/1"}],"replies":[{"embeddable":true,"href":"https:\/\/wmmaa.org\/pt-pt\/wp-json\/wp\/v2\/comments?post=388924"}],"version-history":[{"count":0,"href":"https:\/\/wmmaa.org\/pt-pt\/wp-json\/wp\/v2\/posts\/388924\/revisions"}],"wp:featuredmedia":[{"embeddable":true,"href":"https:\/\/wmmaa.org\/pt-pt\/wp-json\/wp\/v2\/media\/388914"}],"wp:attachment":[{"href":"https:\/\/wmmaa.org\/pt-pt\/wp-json\/wp\/v2\/media?parent=388924"}],"wp:term":[{"taxonomy":"category","embeddable":true,"href":"https:\/\/wmmaa.org\/pt-pt\/wp-json\/wp\/v2\/categories?post=388924"},{"taxonomy":"post_tag","embeddable":true,"href":"https:\/\/wmmaa.org\/pt-pt\/wp-json\/wp\/v2\/tags?post=388924"}],"curies":[{"name":"wp","href":"https:\/\/api.w.org\/{rel}","templated":true}]}}