{"id":388911,"date":"2023-06-30T09:31:07","date_gmt":"2023-06-30T06:31:07","guid":{"rendered":"https:\/\/wmmaa.org\/henry-cejudo-fora-de-luta-com-marlon-vera\/"},"modified":"2023-06-30T09:31:07","modified_gmt":"2023-06-30T06:31:07","slug":"henry-cejudo-fora-de-luta-com-marlon-vera","status":"publish","type":"post","link":"https:\/\/wmmaa.org\/pt-pt\/henry-cejudo-fora-de-luta-com-marlon-vera\/","title":{"rendered":"Henry Cejudo fora de luta com Marlon Vera"},"content":{"rendered":"<div id=\"feat-img-reg\" class=\"relative\">\n <img decoding=\"async\" src=\"https:\/\/wmmaa.org\/wp-content\/uploads\/2023\/06\/633417e6fbd9523209f31c9c0aeb74bc_XL.jpg\" alt=\"Henry Cejudo fora de luta com Marlon Vera\"><\/div>\n<div class=\"itemIntroText\">\n<p>O ex-campe\u00e3o dos dois pesos do UFC Henry Cejudo se machucou e desistiu da luta contra Marlon Vera no dia 19 de agosto no UFC 292 em Boston.<\/p>\n<\/p>\n<\/div>\n<div class=\"itemFullText\">\n<blockquote>\n<p>\u201cInfelizmente, n\u00e3o poderei lutar por cima do ombro direito\u201d, disse o tricampe\u00e3o em v\u00eddeo divulgado nas redes sociais. \u201cGente, j\u00e1 rompi um ligamento no ombro esquerdo, depois me recuperei por um ano. Agora tenho 50% de rompimento do ligamento e n\u00e3o quero romper ainda mais. \u201d<\/p>\n<\/blockquote>\n<p>Cejudo explicou que a reabilita\u00e7\u00e3o levar\u00e1 de seis a oito semanas, ap\u00f3s as quais pretende seguir sua trajet\u00f3ria rumo ao cintur\u00e3o peso-galo, mas n\u00e3o descartou a luta pelo cintur\u00e3o peso-mosca.<\/p>\n<blockquote>\n<p>\u201cNo final das contas, o cara com quem ainda quero lutar \u00e9 o candidato n\u00famero um e seu nome \u00e9 Merab Dvalishvili. \u00c9 isso que pretendo, mas quem sabe eu luto contra Brandon Moreno se voc\u00ea estiver interessado.&#8221;<\/p>\n<\/blockquote>\n<p>Representantes do UFC n\u00e3o se pronunciaram sobre o assunto, por isso ainda n\u00e3o se sabe se Marlon Vera conseguir\u00e1 um novo advers\u00e1rio, ou se deixar\u00e1 o card do evento ap\u00f3s a les\u00e3o do americano.<\/p>\n<\/p>\n<\/div>\n<p class=\"source-link\">Fonte: https:\/\/fighttime.ru\/news\/item\/31948-genri-sekhudo-vybyl-iz-boya-s-marlonom-veroj.html?rand=19907<\/p>\n","protected":false},"excerpt":{"rendered":"<p>O ex-campe\u00e3o dos dois pesos do UFC Henry Cejudo se machucou e desistiu da luta contra Marlon Vera no dia 19 de agosto no UFC 292 em Boston. \u201cInfelizmente, n\u00e3o poderei lutar por cima do ombro direito\u201d, disse o tricampe\u00e3o em v\u00eddeo divulgado nas redes sociais. \u201cGente, j\u00e1 rompi um ligamento no ombro esquerdo, depois [&hellip;]<\/p>\n","protected":false},"author":1,"featured_media":388896,"comment_status":"","ping_status":"open","sticky":false,"template":"","format":"standard","meta":{"footnotes":""},"categories":[1170],"tags":[1255,458,4273],"_links":{"self":[{"href":"https:\/\/wmmaa.org\/pt-pt\/wp-json\/wp\/v2\/posts\/388911"}],"collection":[{"href":"https:\/\/wmmaa.org\/pt-pt\/wp-json\/wp\/v2\/posts"}],"about":[{"href":"https:\/\/wmmaa.org\/pt-pt\/wp-json\/wp\/v2\/types\/post"}],"author":[{"embeddable":true,"href":"https:\/\/wmmaa.org\/pt-pt\/wp-json\/wp\/v2\/users\/1"}],"replies":[{"embeddable":true,"href":"https:\/\/wmmaa.org\/pt-pt\/wp-json\/wp\/v2\/comments?post=388911"}],"version-history":[{"count":0,"href":"https:\/\/wmmaa.org\/pt-pt\/wp-json\/wp\/v2\/posts\/388911\/revisions"}],"wp:featuredmedia":[{"embeddable":true,"href":"https:\/\/wmmaa.org\/pt-pt\/wp-json\/wp\/v2\/media\/388896"}],"wp:attachment":[{"href":"https:\/\/wmmaa.org\/pt-pt\/wp-json\/wp\/v2\/media?parent=388911"}],"wp:term":[{"taxonomy":"category","embeddable":true,"href":"https:\/\/wmmaa.org\/pt-pt\/wp-json\/wp\/v2\/categories?post=388911"},{"taxonomy":"post_tag","embeddable":true,"href":"https:\/\/wmmaa.org\/pt-pt\/wp-json\/wp\/v2\/tags?post=388911"}],"curies":[{"name":"wp","href":"https:\/\/api.w.org\/{rel}","templated":true}]}}