{"id":388894,"date":"2023-06-29T23:01:45","date_gmt":"2023-06-29T20:01:45","guid":{"rendered":"https:\/\/wmmaa.org\/marlon-vera-vou-lutar-contra-cejudo-como-se-minha-vida-dependesse-disso\/"},"modified":"2023-06-29T23:01:45","modified_gmt":"2023-06-29T20:01:45","slug":"marlon-vera-vou-lutar-contra-cejudo-como-se-minha-vida-dependesse-disso","status":"publish","type":"post","link":"https:\/\/wmmaa.org\/pt-pt\/marlon-vera-vou-lutar-contra-cejudo-como-se-minha-vida-dependesse-disso\/","title":{"rendered":"Marlon Vera: Vou lutar contra Cejudo como se minha vida dependesse disso"},"content":{"rendered":"<div id=\"feat-img-reg\" class=\"relative\">\n <img decoding=\"async\" src=\"https:\/\/wmmaa.org\/wp-content\/uploads\/2023\/06\/70781d0179f62d9d5e8501e54b18c2b7_XL.jpg\" alt=\"Marlon Vera: Vou lutar contra Cejudo como se minha vida dependesse disso\"><\/div>\n<div class=\"itemIntroText\">\n<p>O n\u00famero seis do peso galo do UFC, Marlon Vera, compartilhou seus pensamentos sobre sua pr\u00f3xima luta contra o ex-campe\u00e3o do UFC, terceiro colocado, Henry Cejudo.<\/p>\n<\/p>\n<\/div>\n<div class=\"itemFullText\">\n<blockquote>\n<p>\u201cEle pode analisar nossa luta o quanto quiser e ser corajoso\u201d, disse Vera em entrevista a Michael Bisping. \u201cN\u00e3o importa o que digam, sei que no fundo ele \u00e9 um verdadeiro fracote e vou mostrar isso. Vou pression\u00e1-lo, e n\u00e3o importa como a luta se desenvolva, vou lutar como se minha vida dependesse disso. Vou mostrar o melhor que posso &#8211; isso eu garanto&#8221;<\/p>\n<p>\u201cEsse cara \u00e9 bom de clinche e mesmo que eu lutasse todos os dias nos pr\u00f3ximos cinco anos, provavelmente n\u00e3o chegaria ao n\u00edvel dele como qualquer outro na categoria. Mas isso \u00e9 MMA e os n\u00edveis se tornam quase iguais quando voc\u00ea come\u00e7a a socar as pessoas no rosto. Ele pode me transferir, pode entrar no clinch, mas ainda tem que lutar comigo. Ser capaz de bater nos torna mais iguais a este n\u00edvel.&#8221;<\/p>\n<\/blockquote>\n<p>Vale lembrar que a luta pelo peso galo entre Henry Cejudo e Marlon Vera far\u00e1 parte do torneio UFC 292, que ser\u00e1 disputado no dia 19 de agosto, em Boston.<\/p>\n<\/p>\n<\/div>\n<p class=\"source-link\">Fonte: https:\/\/fighttime.ru\/news\/item\/31947-marlon-vera-budu-dratsya-s-sekhudo-tak-budto-ot-etogo-zavisit-moya-zhizn.html?rand=19907<\/p>\n","protected":false},"excerpt":{"rendered":"<p>O n\u00famero seis do peso galo do UFC, Marlon Vera, compartilhou seus pensamentos sobre sua pr\u00f3xima luta contra o ex-campe\u00e3o do UFC, terceiro colocado, Henry Cejudo. \u201cEle pode analisar nossa luta o quanto quiser e ser corajoso\u201d, disse Vera em entrevista a Michael Bisping. \u201cN\u00e3o importa o que digam, sei que no fundo ele \u00e9 [&hellip;]<\/p>\n","protected":false},"author":1,"featured_media":388878,"comment_status":"","ping_status":"open","sticky":false,"template":"","format":"standard","meta":{"footnotes":""},"categories":[1170],"tags":[1255,458],"_links":{"self":[{"href":"https:\/\/wmmaa.org\/pt-pt\/wp-json\/wp\/v2\/posts\/388894"}],"collection":[{"href":"https:\/\/wmmaa.org\/pt-pt\/wp-json\/wp\/v2\/posts"}],"about":[{"href":"https:\/\/wmmaa.org\/pt-pt\/wp-json\/wp\/v2\/types\/post"}],"author":[{"embeddable":true,"href":"https:\/\/wmmaa.org\/pt-pt\/wp-json\/wp\/v2\/users\/1"}],"replies":[{"embeddable":true,"href":"https:\/\/wmmaa.org\/pt-pt\/wp-json\/wp\/v2\/comments?post=388894"}],"version-history":[{"count":0,"href":"https:\/\/wmmaa.org\/pt-pt\/wp-json\/wp\/v2\/posts\/388894\/revisions"}],"wp:featuredmedia":[{"embeddable":true,"href":"https:\/\/wmmaa.org\/pt-pt\/wp-json\/wp\/v2\/media\/388878"}],"wp:attachment":[{"href":"https:\/\/wmmaa.org\/pt-pt\/wp-json\/wp\/v2\/media?parent=388894"}],"wp:term":[{"taxonomy":"category","embeddable":true,"href":"https:\/\/wmmaa.org\/pt-pt\/wp-json\/wp\/v2\/categories?post=388894"},{"taxonomy":"post_tag","embeddable":true,"href":"https:\/\/wmmaa.org\/pt-pt\/wp-json\/wp\/v2\/tags?post=388894"}],"curies":[{"name":"wp","href":"https:\/\/api.w.org\/{rel}","templated":true}]}}