{"id":385499,"date":"2023-05-25T11:06:51","date_gmt":"2023-05-25T08:06:51","guid":{"rendered":"https:\/\/wmmaa.org\/dustin-poirier-preve-luta-entre-conor-mcgregor-e-michael-chandler\/"},"modified":"2023-05-25T11:06:51","modified_gmt":"2023-05-25T08:06:51","slug":"dustin-poirier-preve-luta-entre-conor-mcgregor-e-michael-chandler","status":"publish","type":"post","link":"https:\/\/wmmaa.org\/pt-pt\/dustin-poirier-preve-luta-entre-conor-mcgregor-e-michael-chandler\/","title":{"rendered":"Dustin Poirier prev\u00ea luta entre Conor McGregor e Michael Chandler"},"content":{"rendered":"<div id=\"feat-img-reg\" class=\"relative\">\n <img decoding=\"async\" src=\"https:\/\/wmmaa.org\/wp-content\/uploads\/2023\/05\/e1f0a775e4749fdf5c50b89137edba27_XL.jpg\" alt=\"Dustin Poirier prev\u00ea luta entre Conor McGregor e Michael Chandler\"><\/div>\n<div class=\"itemIntroText\">\n<p>O ex-campe\u00e3o interino dos leves do UFC, Dustin Poirier, compartilhou seus pensamentos sobre a pr\u00f3xima luta entre Conor McGregor e Michael Chandler, que est\u00e1 agendada para dezembro deste ano.<\/p>\n<\/p>\n<\/div>\n<div class=\"itemFullText\">\n<p>Segundo o americano, o compatriota ser\u00e1 nocauteado em dois rounds se o irland\u00eas se preparar bem para a luta.<\/p>\n<blockquote>\n<p>\u201cSe Conor ficar onde estava antes da les\u00e3o, acho que ele vai terminar a luta em dois rounds\u201d, disse Diamond em entrevista a Ariel Helwani. \u201cSe ele for ele mesmo, vier treinar com dedica\u00e7\u00e3o total e ficar cem por cento focado, ele consegue. Veremos, \u00e9 isso que torna essa luta t\u00e3o interessante.&#8221;<\/p>\n<\/blockquote>\n<p>Na pr\u00f3xima luta, Conor McGregor tentar\u00e1 retomar a carreira de sucesso ap\u00f3s duas derrotas para Dustin Poirier, a quem perdeu por nocaute pela primeira vez, e na revanche n\u00e3o p\u00f4de continuar a luta devido a uma grave fratura na perna.<\/p>\n<p>Michael Chandler na \u00faltima luta tamb\u00e9m foi v\u00edtima de Poirier, que perdeu para ele por mata-le\u00e3o no terceiro round.<\/p>\n<\/p>\n<\/div>\n<p class=\"source-link\">Fonte: https:\/\/fighttime.ru\/news\/item\/31642-dastin-pore-dal-prognoz-na-boj-konora-makgregora-i-majkla-chendlera.html?rand=19907<\/p>\n","protected":false},"excerpt":{"rendered":"<p>O ex-campe\u00e3o interino dos leves do UFC, Dustin Poirier, compartilhou seus pensamentos sobre a pr\u00f3xima luta entre Conor McGregor e Michael Chandler, que est\u00e1 agendada para dezembro deste ano. Segundo o americano, o compatriota ser\u00e1 nocauteado em dois rounds se o irland\u00eas se preparar bem para a luta. \u201cSe Conor ficar onde estava antes da [&hellip;]<\/p>\n","protected":false},"author":1,"featured_media":385485,"comment_status":"","ping_status":"open","sticky":false,"template":"","format":"standard","meta":{"footnotes":""},"categories":[1170],"tags":[33,96,224],"_links":{"self":[{"href":"https:\/\/wmmaa.org\/pt-pt\/wp-json\/wp\/v2\/posts\/385499"}],"collection":[{"href":"https:\/\/wmmaa.org\/pt-pt\/wp-json\/wp\/v2\/posts"}],"about":[{"href":"https:\/\/wmmaa.org\/pt-pt\/wp-json\/wp\/v2\/types\/post"}],"author":[{"embeddable":true,"href":"https:\/\/wmmaa.org\/pt-pt\/wp-json\/wp\/v2\/users\/1"}],"replies":[{"embeddable":true,"href":"https:\/\/wmmaa.org\/pt-pt\/wp-json\/wp\/v2\/comments?post=385499"}],"version-history":[{"count":0,"href":"https:\/\/wmmaa.org\/pt-pt\/wp-json\/wp\/v2\/posts\/385499\/revisions"}],"wp:featuredmedia":[{"embeddable":true,"href":"https:\/\/wmmaa.org\/pt-pt\/wp-json\/wp\/v2\/media\/385485"}],"wp:attachment":[{"href":"https:\/\/wmmaa.org\/pt-pt\/wp-json\/wp\/v2\/media?parent=385499"}],"wp:term":[{"taxonomy":"category","embeddable":true,"href":"https:\/\/wmmaa.org\/pt-pt\/wp-json\/wp\/v2\/categories?post=385499"},{"taxonomy":"post_tag","embeddable":true,"href":"https:\/\/wmmaa.org\/pt-pt\/wp-json\/wp\/v2\/tags?post=385499"}],"curies":[{"name":"wp","href":"https:\/\/api.w.org\/{rel}","templated":true}]}}