{"id":382994,"date":"2023-05-08T12:16:53","date_gmt":"2023-05-08T09:16:53","guid":{"rendered":"https:\/\/wmmaa.org\/dana-white-responde-a-terceira-luta-de-adesanya-e-pereira\/"},"modified":"2023-05-08T12:16:53","modified_gmt":"2023-05-08T09:16:53","slug":"dana-white-responde-a-terceira-luta-de-adesanya-e-pereira","status":"publish","type":"post","link":"https:\/\/wmmaa.org\/pt-pt\/dana-white-responde-a-terceira-luta-de-adesanya-e-pereira\/","title":{"rendered":"Dana White responde \u00e0 terceira luta de Adesanya e Pereira"},"content":{"rendered":"<div id=\"feat-img-reg\" class=\"relative\">\n <img decoding=\"async\" src=\"https:\/\/wmmaa.org\/wp-content\/uploads\/2023\/05\/6a79be8dc98a6117d1caa285c278d2b1_XL.jpg\" alt=\"Dana White responde \u00e0 terceira luta de Adesanya e Pereira\"><\/div>\n<div class=\"itemIntroText\">\n<p>Uma terceira disputa de cintur\u00e3o entre Israel Adesanya e Alex Pereira n\u00e3o est\u00e1 na agenda da organiza\u00e7\u00e3o, anunciou o presidente do UFC, Dana White, em entrevista coletiva em Newark.<\/p>\n<\/p>\n<\/div>\n<div class=\"itemFullText\">\n<blockquote>\n<p>&#8220;N\u00e3o fa\u00e7o ideia do que se trata &#8211; Pereira vai subir para o meio-pesado&#8221;, disse White a um rep\u00f3rter que lhe pediu para comentar a inten\u00e7\u00e3o do brasileiro de completar a trilogia com o nigeriano.<\/p>\n<\/blockquote>\n<p>Em novembro passado, Alex Pereira levou o t\u00edtulo dos m\u00e9dios do UFC de Israel Adesanya com um TKO na quinta rodada, e um m\u00eas atr\u00e1s Adesanya teve uma vingan\u00e7a convincente com uma vit\u00f3ria por nocaute no segundo per\u00edodo de cinco minutos.<\/p>\n<p>Tendo perdido o cintur\u00e3o do campeonato, o lutador brasileiro anunciou que seguiria a carreira profissional no meio-pesado, por\u00e9m, depois disso deu v\u00e1rias declara\u00e7\u00f5es de que primeiro queria fazer uma terceira luta com o nigeriano e colocar um ponto final nesse confronto.<\/p>\n<p>Lembre-se que no passado, Pereira derrotou Adesanya duas vezes em lutas de kickboxing, e uma vez o mandou para um nocaute surdo.<\/p>\n<\/p>\n<\/div>\n<p class=\"source-link\">Fonte: https:\/\/fighttime.ru\/news\/item\/31504-dana-uajt-otvetil-po-povodu-tretego-boya-adesani-i-perejry.html?rand=19907<\/p>\n","protected":false},"excerpt":{"rendered":"<p>Uma terceira disputa de cintur\u00e3o entre Israel Adesanya e Alex Pereira n\u00e3o est\u00e1 na agenda da organiza\u00e7\u00e3o, anunciou o presidente do UFC, Dana White, em entrevista coletiva em Newark. &#8220;N\u00e3o fa\u00e7o ideia do que se trata &#8211; Pereira vai subir para o meio-pesado&#8221;, disse White a um rep\u00f3rter que lhe pediu para comentar a inten\u00e7\u00e3o [&hellip;]<\/p>\n","protected":false},"author":1,"featured_media":382985,"comment_status":"","ping_status":"open","sticky":false,"template":"","format":"standard","meta":{"footnotes":""},"categories":[1170],"tags":[236,63,19],"_links":{"self":[{"href":"https:\/\/wmmaa.org\/pt-pt\/wp-json\/wp\/v2\/posts\/382994"}],"collection":[{"href":"https:\/\/wmmaa.org\/pt-pt\/wp-json\/wp\/v2\/posts"}],"about":[{"href":"https:\/\/wmmaa.org\/pt-pt\/wp-json\/wp\/v2\/types\/post"}],"author":[{"embeddable":true,"href":"https:\/\/wmmaa.org\/pt-pt\/wp-json\/wp\/v2\/users\/1"}],"replies":[{"embeddable":true,"href":"https:\/\/wmmaa.org\/pt-pt\/wp-json\/wp\/v2\/comments?post=382994"}],"version-history":[{"count":0,"href":"https:\/\/wmmaa.org\/pt-pt\/wp-json\/wp\/v2\/posts\/382994\/revisions"}],"wp:featuredmedia":[{"embeddable":true,"href":"https:\/\/wmmaa.org\/pt-pt\/wp-json\/wp\/v2\/media\/382985"}],"wp:attachment":[{"href":"https:\/\/wmmaa.org\/pt-pt\/wp-json\/wp\/v2\/media?parent=382994"}],"wp:term":[{"taxonomy":"category","embeddable":true,"href":"https:\/\/wmmaa.org\/pt-pt\/wp-json\/wp\/v2\/categories?post=382994"},{"taxonomy":"post_tag","embeddable":true,"href":"https:\/\/wmmaa.org\/pt-pt\/wp-json\/wp\/v2\/tags?post=382994"}],"curies":[{"name":"wp","href":"https:\/\/api.w.org\/{rel}","templated":true}]}}