{"id":379881,"date":"2023-04-18T10:19:38","date_gmt":"2023-04-18T07:19:38","guid":{"rendered":"https:\/\/wmmaa.org\/?p=379881"},"modified":"2023-04-18T10:19:38","modified_gmt":"2023-04-18T07:19:38","slug":"charles-oliveira-explica-o-cancelamento-da-luta-com-benil-dariush","status":"publish","type":"post","link":"https:\/\/wmmaa.org\/pt-pt\/charles-oliveira-explica-o-cancelamento-da-luta-com-benil-dariush\/","title":{"rendered":"Charles Oliveira explica o cancelamento da luta com Benil Dariush"},"content":{"rendered":"<div id=\"feat-img-reg\" class=\"relative\">\n <img decoding=\"async\" src=\"https:\/\/wmmaa.org\/wp-content\/uploads\/2023\/04\/63ca5bf314b37cce7d7ffaab06743d62_XL.jpg\" alt=\"Charles Oliveira explica o cancelamento da luta com Benil Dariush\"><\/div>\n<div class=\"itemIntroText\">\n<p>O ex-campe\u00e3o dos leves do UFC, Charles Oliveira, se abriu sobre as circunst\u00e2ncias da les\u00e3o que levou ao cancelamento da luta contra Benil Dariush.<\/p>\n<\/p>\n<\/div>\n<div class=\"itemFullText\">\n<blockquote>\n<p>&#8220;N\u00e3o consegui treinar depois de me machucar durante o treino de luta livre&#8221;, disse o brasileiro em um v\u00eddeo postado nas redes sociais. \u201cTentei continuar treinando, fiz tudo que estava ao meu alcance, mas n\u00e3o consegui, e tivemos que nos retirar da luta\u201d<\/p>\n<p>\u201cPreciso parar de treinar por alguns dias e depois voltarei para a academia e marcaremos a luta. Em breve retomarei o processo de prepara\u00e7\u00e3o. Estou com uma les\u00e3o leve e resolvemos demorar um pouco para n\u00e3o lutarmos lesionados. Uma vez cometemos esse erro e n\u00e3o quero repeti-lo novamente. Estamos a dar um passo atr\u00e1s para dar dois ou tr\u00eas passos em frente muito em breve.\u201d<\/p>\n<\/blockquote>\n<p>Vale lembrar que a luta entre Charles Oliveira e Benil Dariush deveria acontecer no dia 6 de maio no UFC 288 em Newark, mas segundo rumores, ser\u00e1 transferida para o card do torneio UFC 289, que ser\u00e1 realizado em Vancouver em junho 10.<\/p>\n<\/p>\n<\/div>\n<p class=\"source-link\">Fonte: https:\/\/fighttime.ru\/news\/item\/31324-charlz-olivejra-ob-yasnil-otmenu-boya-s-benilom-dariushem.html?rand=19907<\/p>\n","protected":false},"excerpt":{"rendered":"<p>O ex-campe\u00e3o dos leves do UFC, Charles Oliveira, se abriu sobre as circunst\u00e2ncias da les\u00e3o que levou ao cancelamento da luta contra Benil Dariush. &#8220;N\u00e3o consegui treinar depois de me machucar durante o treino de luta livre&#8221;, disse o brasileiro em um v\u00eddeo postado nas redes sociais. \u201cTentei continuar treinando, fiz tudo que estava ao [&hellip;]<\/p>\n","protected":false},"author":1,"featured_media":379870,"comment_status":"closed","ping_status":"open","sticky":false,"template":"","format":"standard","meta":{"footnotes":""},"categories":[1170],"tags":[1574,1586],"_links":{"self":[{"href":"https:\/\/wmmaa.org\/pt-pt\/wp-json\/wp\/v2\/posts\/379881"}],"collection":[{"href":"https:\/\/wmmaa.org\/pt-pt\/wp-json\/wp\/v2\/posts"}],"about":[{"href":"https:\/\/wmmaa.org\/pt-pt\/wp-json\/wp\/v2\/types\/post"}],"author":[{"embeddable":true,"href":"https:\/\/wmmaa.org\/pt-pt\/wp-json\/wp\/v2\/users\/1"}],"replies":[{"embeddable":true,"href":"https:\/\/wmmaa.org\/pt-pt\/wp-json\/wp\/v2\/comments?post=379881"}],"version-history":[{"count":0,"href":"https:\/\/wmmaa.org\/pt-pt\/wp-json\/wp\/v2\/posts\/379881\/revisions"}],"wp:featuredmedia":[{"embeddable":true,"href":"https:\/\/wmmaa.org\/pt-pt\/wp-json\/wp\/v2\/media\/379870"}],"wp:attachment":[{"href":"https:\/\/wmmaa.org\/pt-pt\/wp-json\/wp\/v2\/media?parent=379881"}],"wp:term":[{"taxonomy":"category","embeddable":true,"href":"https:\/\/wmmaa.org\/pt-pt\/wp-json\/wp\/v2\/categories?post=379881"},{"taxonomy":"post_tag","embeddable":true,"href":"https:\/\/wmmaa.org\/pt-pt\/wp-json\/wp\/v2\/tags?post=379881"}],"curies":[{"name":"wp","href":"https:\/\/api.w.org\/{rel}","templated":true}]}}