{"id":379704,"date":"2023-04-16T13:53:43","date_gmt":"2023-04-16T10:53:43","guid":{"rendered":"https:\/\/wmmaa.org\/dana-white-revela-planos-do-ufc-para-israel-adesanya\/"},"modified":"2023-04-16T13:53:43","modified_gmt":"2023-04-16T10:53:43","slug":"dana-white-revela-planos-do-ufc-para-israel-adesanya","status":"publish","type":"post","link":"https:\/\/wmmaa.org\/pt-pt\/dana-white-revela-planos-do-ufc-para-israel-adesanya\/","title":{"rendered":"Dana White revela planos do UFC para Israel Adesanya"},"content":{"rendered":"<div id=\"feat-img-reg\" class=\"relative\">\n <img decoding=\"async\" src=\"https:\/\/wmmaa.org\/wp-content\/uploads\/2023\/04\/dc45e27fa87ea899d95a71cf7b4e9f7e_XL.jpg\" alt=\"Dana White revela planos do UFC para Israel Adesanya\"><\/div>\n<div class=\"itemIntroText\">\n<p>Tendo reconquistado o cintur\u00e3o dos m\u00e9dios do UFC h\u00e1 uma semana, Israel Adesanya pode entrar no oct\u00f3gono nos pr\u00f3ximos quatro meses.<\/p>\n<\/p>\n<\/div>\n<div class=\"itemFullText\">\n<p>O an\u00fancio foi feito em uma coletiva de imprensa ap\u00f3s o torneio UFC on ESPN 44 pelo presidente do UFC, Dana White.<\/p>\n<blockquote>\n<p>\u201cEsse cara j\u00e1 desligou os telefones para mim e meus colegas \u2013 ele continua ligando e perguntando: &#8216;Quando \u00e9 minha pr\u00f3xima luta? Eu quero lutar de novo!&#8217; e \u00e9 disso que gosto em Israel Adesanya\u201d, disse o chefe da organiza\u00e7\u00e3o. \u201cIsrael Adesanya quer lutar sem parar, constantemente, e est\u00e1 pronto para enfrentar qualquer um. Agora estamos trabalhando nisso e espero que ele lute logo. Talvez antes do final do ver\u00e3o o vejamos no oct\u00f3gono. Ainda n\u00e3o sei contra quem, sen\u00e3o j\u00e1 teria anunciado\u201d.<\/p>\n<\/blockquote>\n<p>No dia 8 de abril, no UFC 287, em Miami, Israel Adesanya nocauteou Alex Pereira no segundo round, para quem perdeu o cintur\u00e3o dos m\u00e9dios em novembro passado, ap\u00f3s sofrer uma derrota por nocaute t\u00e9cnico no quinto round.<\/p>\n<\/p>\n<\/div>\n<p class=\"source-link\">Fonte: https:\/\/fighttime.ru\/news\/item\/31314-dana-uajt-raskryl-plany-ufc-na-israelya-adesanyu.html?rand=19907<\/p>\n","protected":false},"excerpt":{"rendered":"<p>Tendo reconquistado o cintur\u00e3o dos m\u00e9dios do UFC h\u00e1 uma semana, Israel Adesanya pode entrar no oct\u00f3gono nos pr\u00f3ximos quatro meses. O an\u00fancio foi feito em uma coletiva de imprensa ap\u00f3s o torneio UFC on ESPN 44 pelo presidente do UFC, Dana White. \u201cEsse cara j\u00e1 desligou os telefones para mim e meus colegas \u2013 [&hellip;]<\/p>\n","protected":false},"author":1,"featured_media":379690,"comment_status":"","ping_status":"open","sticky":false,"template":"","format":"standard","meta":{"footnotes":""},"categories":[1170],"tags":[63,19],"_links":{"self":[{"href":"https:\/\/wmmaa.org\/pt-pt\/wp-json\/wp\/v2\/posts\/379704"}],"collection":[{"href":"https:\/\/wmmaa.org\/pt-pt\/wp-json\/wp\/v2\/posts"}],"about":[{"href":"https:\/\/wmmaa.org\/pt-pt\/wp-json\/wp\/v2\/types\/post"}],"author":[{"embeddable":true,"href":"https:\/\/wmmaa.org\/pt-pt\/wp-json\/wp\/v2\/users\/1"}],"replies":[{"embeddable":true,"href":"https:\/\/wmmaa.org\/pt-pt\/wp-json\/wp\/v2\/comments?post=379704"}],"version-history":[{"count":0,"href":"https:\/\/wmmaa.org\/pt-pt\/wp-json\/wp\/v2\/posts\/379704\/revisions"}],"wp:featuredmedia":[{"embeddable":true,"href":"https:\/\/wmmaa.org\/pt-pt\/wp-json\/wp\/v2\/media\/379690"}],"wp:attachment":[{"href":"https:\/\/wmmaa.org\/pt-pt\/wp-json\/wp\/v2\/media?parent=379704"}],"wp:term":[{"taxonomy":"category","embeddable":true,"href":"https:\/\/wmmaa.org\/pt-pt\/wp-json\/wp\/v2\/categories?post=379704"},{"taxonomy":"post_tag","embeddable":true,"href":"https:\/\/wmmaa.org\/pt-pt\/wp-json\/wp\/v2\/tags?post=379704"}],"curies":[{"name":"wp","href":"https:\/\/api.w.org\/{rel}","templated":true}]}}