{"id":358860,"date":"2023-02-15T00:48:51","date_gmt":"2023-02-14T22:48:51","guid":{"rendered":"https:\/\/wmmaa.org\/wilder-substituira-usyk-contra-fury-o-que-vai-acontecer-warren-sabe\/"},"modified":"2023-02-15T00:48:51","modified_gmt":"2023-02-14T22:48:51","slug":"wilder-substituira-usyk-contra-fury-o-que-vai-acontecer-warren-sabe","status":"publish","type":"post","link":"https:\/\/wmmaa.org\/pt-pt\/wilder-substituira-usyk-contra-fury-o-que-vai-acontecer-warren-sabe\/","title":{"rendered":"Wilder substituir\u00e1 Usyk contra Fury? O que vai acontecer, Warren sabe"},"content":{"rendered":"<p><img decoding=\"async\" src=\"https:\/\/wmmaa.org\/wp-content\/uploads\/2023\/02\/e898d84b35b1090205f3b2be035af6f1.jpg\" alt=\"\"><\/p>\n<div>\n<p>Co-promotor do campe\u00e3o WBC Tyson Fury (33-0-1, 24 KOs), chefe da Queensberry Promotions Frank Warren insiste que o brit\u00e2nico est\u00e1 totalmente focado na pr\u00f3xima luta com o campe\u00e3o IBF\/WBO\/WBA Alexander Usyk (20-0, 13 KOs) pelo status de boxeador n\u00ba 1 no peso pesado, e n\u00e3o pensa no quarto encontro com Deontay Wilder (43-2-1, 42 KOs) como uma &#8220;reserva&#8221;.<\/p>\n<p>Ontem houve rumores de que o \u201cRei Cigano\u201d teria entrado em algumas negocia\u00e7\u00f5es secretas sobre um novo confronto com o americano caso o planejado confronto com Usyk falhasse.<\/p>\n<p>Warren nega isso.<\/p>\n<p>\u201cAt\u00e9 onde eu sei, n\u00e3o sei nada sobre isso. N\u00e3o, absolutamente. N\u00e3o aconteceu, disse ele.<br \/>\n<a rel=\"nofollow noopener\" target=\"_blank\" href=\"https:\/\/talksport.com\/sport\/boxing\/1331727\/\">talkSPORT<\/a>. Tanto quanto eu entendo, ele [\u0423\u0430\u0439\u043b\u0434\u0435\u0440\u0443] ordenado a lutar contra Andy Ruiz pelo status de desafiante obrigat\u00f3rio.&#8221;<\/p>\n<div>\n<p>Seja como for, Fury admitiu que ficou desapontado com o andamento de sua luta contra Usyk. Tipo, ele se foi h\u00e1 uma semana.<\/p>\n<p>O promotor de Usyk voou para Londres hoje para finalmente fazer esse progresso.<\/p>\n<div>\n<b><\/p>\n","protected":false},"excerpt":{"rendered":"<p>Co-promotor do campe\u00e3o WBC Tyson Fury (33-0-1, 24 KOs), chefe da Queensberry Promotions Frank Warren insiste que o brit\u00e2nico est\u00e1 totalmente focado na pr\u00f3xima luta com o campe\u00e3o IBF\/WBO\/WBA Alexander Usyk (20-0, 13 KOs) pelo status de boxeador n\u00ba 1 no peso pesado, e n\u00e3o pensa no quarto encontro com Deontay Wilder (43-2-1, 42 KOs) [&hellip;]<\/p>\n","protected":false},"author":1,"featured_media":358846,"comment_status":"","ping_status":"open","sticky":false,"template":"","format":"standard","meta":{"footnotes":""},"categories":[1170],"tags":[],"_links":{"self":[{"href":"https:\/\/wmmaa.org\/pt-pt\/wp-json\/wp\/v2\/posts\/358860"}],"collection":[{"href":"https:\/\/wmmaa.org\/pt-pt\/wp-json\/wp\/v2\/posts"}],"about":[{"href":"https:\/\/wmmaa.org\/pt-pt\/wp-json\/wp\/v2\/types\/post"}],"author":[{"embeddable":true,"href":"https:\/\/wmmaa.org\/pt-pt\/wp-json\/wp\/v2\/users\/1"}],"replies":[{"embeddable":true,"href":"https:\/\/wmmaa.org\/pt-pt\/wp-json\/wp\/v2\/comments?post=358860"}],"version-history":[{"count":0,"href":"https:\/\/wmmaa.org\/pt-pt\/wp-json\/wp\/v2\/posts\/358860\/revisions"}],"wp:featuredmedia":[{"embeddable":true,"href":"https:\/\/wmmaa.org\/pt-pt\/wp-json\/wp\/v2\/media\/358846"}],"wp:attachment":[{"href":"https:\/\/wmmaa.org\/pt-pt\/wp-json\/wp\/v2\/media?parent=358860"}],"wp:term":[{"taxonomy":"category","embeddable":true,"href":"https:\/\/wmmaa.org\/pt-pt\/wp-json\/wp\/v2\/categories?post=358860"},{"taxonomy":"post_tag","embeddable":true,"href":"https:\/\/wmmaa.org\/pt-pt\/wp-json\/wp\/v2\/tags?post=358860"}],"curies":[{"name":"wp","href":"https:\/\/api.w.org\/{rel}","templated":true}]}}