{"id":358783,"date":"2023-02-14T23:06:27","date_gmt":"2023-02-14T21:06:27","guid":{"rendered":"https:\/\/wmmaa.org\/jens-pulver-explica-por-que-a-inducao-ao-hall-da-fama-do-ufc-significa-tanto-para-ele-isso-e-tudo-para-mim\/"},"modified":"2023-02-14T23:06:27","modified_gmt":"2023-02-14T21:06:27","slug":"jens-pulver-explica-por-que-a-inducao-ao-hall-da-fama-do-ufc-significa-tanto-para-ele-isso-e-tudo-para-mim","status":"publish","type":"post","link":"https:\/\/wmmaa.org\/pt-pt\/jens-pulver-explica-por-que-a-inducao-ao-hall-da-fama-do-ufc-significa-tanto-para-ele-isso-e-tudo-para-mim\/","title":{"rendered":"Jens Pulver explica por que a indu\u00e7\u00e3o ao Hall da Fama do UFC significa tanto para ele: &#8216;Isso \u00e9 tudo para mim&#8217;"},"content":{"rendered":"<p>Jens Pulver finalmente encontrou a paz por n\u00e3o estar no Hall da Fama do UFC. <\/p>\n<p>Apesar de servir como o primeiro campe\u00e3o leve da promo\u00e7\u00e3o, o pioneiro do MMA, agora com 48 anos, sentiu que talvez tivesse passado muito tempo para ser considerado. Pulver tamb\u00e9m n\u00e3o queria promover seu caminho para uma vaga no Hall da Fama do UFC, pois acreditava que essa n\u00e3o era a melhor maneira de conseguir tal honra. <\/p>\n<p>&#8220;Eu amo todos voc\u00eas novamente e obrigado por manter meu nome e torn\u00e1-lo interessante. Todos os anos isso acontecia&#8221;, explicou Pulver na segunda-feira em <em>A Hora do MMA<\/em>. &#8220;Eu sempre acreditei firmemente que se voc\u00ea tiver que vender voc\u00ea mesmo, voc\u00ea n\u00e3o merece. \u00c9 a raz\u00e3o pela qual eu n\u00e3o retuitei ou participei.<\/p>\n<p> No s\u00e1bado, foi transmitido o UFC 284. Pulver foi o anfitri\u00e3o surpresa de uma watch party do UFC Twitch. Este show o manteve ocupado por muitos anos. De repente, um rolo de destaque come\u00e7ou a tocar. <\/p>\n<div><\/div>\n<p>De acordo com Pulver, ningu\u00e9m lhe deu nenhuma dica de que ele estava sendo anunciado como um membro do Hall da Fama do UFC. Foi mantido em segredo por sua fam\u00edlia, embora o filho de Pulver o tenha gravado durante o stream do Twitch. <\/p>\n<p>Pulver levou um momento para perceber o que estava acontecendo. Pulver foi ent\u00e3o dominado pela emo\u00e7\u00e3o. <\/p>\n<p>&#8220;Eu estava simplesmente atordoado&#8221;, disse Pulver. &#8220;Eu n\u00e3o tinha ideia. Acabou. Estava tudo bem estar neste lugar da minha vida.<\/p>\n<p>&#8220;Ent\u00e3o, eu estava em um bom lugar. Eu nunca, nunca, nunca esperei o que estava para acontecer ali.&#8221;<\/p>\n<p> O recurso &#8220;onde voc\u00ea est\u00e1 agora&#8221; foi sugerido a Pulver antes do an\u00fancio do Hall da Fama do UFC. Ele sentiu que era uma maneira apropriada de contar sua hist\u00f3ria para uma nova gera\u00e7\u00e3o de pessoas que podem n\u00e3o t\u00ea-lo visto em a\u00e7\u00e3o durante seus dias de gl\u00f3ria. <\/p>\n<p>Quando de fato soube de sua indu\u00e7\u00e3o, que acontecer\u00e1 durante a Semana Internacional da Luta do UFC, em julho, Pulver teve uma sensa\u00e7\u00e3o de encerramento de sua carreira. <\/p>\n<p>&#8220;Maior que o t\u00edtulo mundial. Pulver afirmou que isso \u00e9 tudo para ele. &#8220;\u00c9 o final. O Hall da Fama \u00e9 para sempre. Campeonatos mundiais podem ir e vir. Eles sempre v\u00e3o olhar para mim como o campe\u00e3o e o primeiro campe\u00e3o mundial peso leve do UFC. Voc\u00ea \u00e9 meu padrinho, eu lhe digo. Isso \u00e9 imortalidade. <\/p>\n<p>&#8220;Isso eu posso dar ao meu filho, minha filha Hayden e minha menina Madelaine. Eu s\u00f3 quero que voc\u00ea se orgulhe de mim. Eu tive tantos arrependimentos &#8211; teria, deveria, poderia &#8211; em minha carreira. A seq\u00fc\u00eancia de derrotas foi um momento da final, algo que eu n\u00e3o sabia que aconteceria. Este \u00e9 um momento muito raro .&#8221;<\/p>\n<p>. \u00c9 tudo para mim.<\/p>\n<p> Esta tamb\u00e9m foi uma chance para Pulver e seu filho Carson terem um momento juntos enquanto ele filmava sua rea\u00e7\u00e3o quando os an\u00fancios do Hall da Fama do UFC foram feitos. <\/p>\n<p> Isso levou Pulver de volta no tempo para sua inf\u00e2ncia. Ele cresceu com abusadores e fez uma promessa a si mesmo. Essa promessa finalmente se cumpriu. <\/p>\n<p>&#8220;Olhar para o meu filho era isso&#8221;, afirmou Pulver. &#8220;\u00c9 ir\u00f4nico. Foi ir\u00f4nico. Ele nunca saber\u00e1 como \u00e9 isso. Ele nunca saber\u00e1 como \u00e9 a dor. Ele nunca saber\u00e1 como \u00e9 ter medo de seu pai. Ele vai correr se vir seu pai em casa.&#8217;<\/p>\n<p>&#8220;Ent\u00e3o, de repente, apareceu meu filho e isso come\u00e7ou a me atingir. H\u00e1 l\u00e1grimas brotando em meus olhos agora. Eu tenho que perguntar a ele: &#8216;Espero que voc\u00ea esteja orgulhoso de seu pai, porque eu n\u00e3o estava orgulhoso de meu. Voc\u00ea deveria estar orgulhoso de seu pai.<\/p>\n<p>Fonte: https:\/\/www.mmafighting.com\/2023\/2\/14\/23598677\/jens-pulver-explains-why-ufc-hall-of-fame-induction-means-so-much-to-him-this- \u00e9-tudo-para-mim?rand=96749<\/p>\n","protected":false},"excerpt":{"rendered":"<p>Jens Pulver finalmente encontrou a paz por n\u00e3o estar no Hall da Fama do UFC. Apesar de servir como o primeiro campe\u00e3o leve da promo\u00e7\u00e3o, o pioneiro do MMA, agora com 48 anos, sentiu que talvez tivesse passado muito tempo para ser considerado. Pulver tamb\u00e9m n\u00e3o queria promover seu caminho para uma vaga no Hall [&hellip;]<\/p>\n","protected":false},"author":1,"featured_media":358774,"comment_status":"","ping_status":"open","sticky":false,"template":"","format":"standard","meta":{"footnotes":""},"categories":[1170],"tags":[],"_links":{"self":[{"href":"https:\/\/wmmaa.org\/pt-pt\/wp-json\/wp\/v2\/posts\/358783"}],"collection":[{"href":"https:\/\/wmmaa.org\/pt-pt\/wp-json\/wp\/v2\/posts"}],"about":[{"href":"https:\/\/wmmaa.org\/pt-pt\/wp-json\/wp\/v2\/types\/post"}],"author":[{"embeddable":true,"href":"https:\/\/wmmaa.org\/pt-pt\/wp-json\/wp\/v2\/users\/1"}],"replies":[{"embeddable":true,"href":"https:\/\/wmmaa.org\/pt-pt\/wp-json\/wp\/v2\/comments?post=358783"}],"version-history":[{"count":0,"href":"https:\/\/wmmaa.org\/pt-pt\/wp-json\/wp\/v2\/posts\/358783\/revisions"}],"wp:featuredmedia":[{"embeddable":true,"href":"https:\/\/wmmaa.org\/pt-pt\/wp-json\/wp\/v2\/media\/358774"}],"wp:attachment":[{"href":"https:\/\/wmmaa.org\/pt-pt\/wp-json\/wp\/v2\/media?parent=358783"}],"wp:term":[{"taxonomy":"category","embeddable":true,"href":"https:\/\/wmmaa.org\/pt-pt\/wp-json\/wp\/v2\/categories?post=358783"},{"taxonomy":"post_tag","embeddable":true,"href":"https:\/\/wmmaa.org\/pt-pt\/wp-json\/wp\/v2\/tags?post=358783"}],"curies":[{"name":"wp","href":"https:\/\/api.w.org\/{rel}","templated":true}]}}