{"id":357694,"date":"2023-02-13T00:29:00","date_gmt":"2023-02-12T22:29:00","guid":{"rendered":"https:\/\/wmmaa.org\/video-jens-pulver-e-levado-as-lagrimas-no-anuncio-do-hall-da-fama-do-ufc\/"},"modified":"2023-02-13T00:29:00","modified_gmt":"2023-02-12T22:29:00","slug":"video-jens-pulver-e-levado-as-lagrimas-no-anuncio-do-hall-da-fama-do-ufc","status":"publish","type":"post","link":"https:\/\/wmmaa.org\/pt-pt\/video-jens-pulver-e-levado-as-lagrimas-no-anuncio-do-hall-da-fama-do-ufc\/","title":{"rendered":"V\u00eddeo: Jens Pulver \u00e9 levado \u00e0s l\u00e1grimas no an\u00fancio do Hall da Fama do UFC"},"content":{"rendered":"<p>Jenspulver sempre teve o cora\u00e7\u00e3o nas mangas e n\u00e3o foi exce\u00e7\u00e3o quando recebeu algumas das not\u00edcias mais importantes de toda a sua vida. <\/p>\n<p>&#8220;Lil Evil&#8221; estava transmitindo ao vivo no Twitch quando descobriu que \u00e9 o mais novo induzido da classe 2023 do Hall da Fama do UFC, um an\u00fancio que foi oficializado no s\u00e1bado durante a transmiss\u00e3o do UFC 284. <\/p>\n<p> O primeiro campe\u00e3o dos leves do UFC estava completamente despreparado. <\/p>\n<p>Assista \u00e0 rea\u00e7\u00e3o emocional de Pulver acima. <\/p>\n<p>&#8221; &#8220;Cala a boca, voc\u00ea est\u00e1 falando s\u00e9rio?&#8221; Pulver afirmou. Pulver disse: &#8220;Cala a boca, VOC\u00ca est\u00e1 falando s\u00e9rio?&#8221;<\/p>\n<p>Pulver demorou um pouco para agradecer a homenagem e depois trouxe o filho para um abra\u00e7o. Ainda lutando para compreender o an\u00fancio, Pulver s\u00f3 conseguiu repetir &#8220;de jeito nenhum&#8221; v\u00e1rias vezes. <\/p>\n<p>Uma estrela durante o per\u00edodo de boom do UFC nos anos 2000 e um dos maiores nomes a competir abaixo de 170 libras naquela \u00e9poca, Pulver se junta \u00e0 Ala Pioneira do Hall da Fama do UFC ao lado de nomes como Royce Gracie, Chuck Liddell, Ken Shamrock, Kazushi Sakuraba, e outros. <\/p>\n<p>Para algu\u00e9m que abriu caminho para in\u00fameros lutadores perseguirem o sonho imposs\u00edvel de ganhar a vida dentro do cage, \u00e9 justo que Pulver tenha tido seu pr\u00f3prio momento de absoluta descren\u00e7a no s\u00e1bado. <\/p>\n<p>&#8220;Voc\u00ea est\u00e1 falando s\u00e9rio?&#8221; Pulver disse. &#8220;Isso n\u00e3o \u00e9 real.&#8221;<\/p>\n<p>Fonte: https:\/\/www.mmafighting.com\/2023\/2\/12\/23596213\/video-jens-pulver-brought-to-tears-by-ufc-hall-of-fame-announcement?rand=96749<\/p>\n","protected":false},"excerpt":{"rendered":"<p>Jenspulver sempre teve o cora\u00e7\u00e3o nas mangas e n\u00e3o foi exce\u00e7\u00e3o quando recebeu algumas das not\u00edcias mais importantes de toda a sua vida. &#8220;Lil Evil&#8221; estava transmitindo ao vivo no Twitch quando descobriu que \u00e9 o mais novo induzido da classe 2023 do Hall da Fama do UFC, um an\u00fancio que foi oficializado no s\u00e1bado [&hellip;]<\/p>\n","protected":false},"author":1,"featured_media":357683,"comment_status":"","ping_status":"open","sticky":false,"template":"","format":"standard","meta":{"footnotes":""},"categories":[1170],"tags":[],"_links":{"self":[{"href":"https:\/\/wmmaa.org\/pt-pt\/wp-json\/wp\/v2\/posts\/357694"}],"collection":[{"href":"https:\/\/wmmaa.org\/pt-pt\/wp-json\/wp\/v2\/posts"}],"about":[{"href":"https:\/\/wmmaa.org\/pt-pt\/wp-json\/wp\/v2\/types\/post"}],"author":[{"embeddable":true,"href":"https:\/\/wmmaa.org\/pt-pt\/wp-json\/wp\/v2\/users\/1"}],"replies":[{"embeddable":true,"href":"https:\/\/wmmaa.org\/pt-pt\/wp-json\/wp\/v2\/comments?post=357694"}],"version-history":[{"count":0,"href":"https:\/\/wmmaa.org\/pt-pt\/wp-json\/wp\/v2\/posts\/357694\/revisions"}],"wp:featuredmedia":[{"embeddable":true,"href":"https:\/\/wmmaa.org\/pt-pt\/wp-json\/wp\/v2\/media\/357683"}],"wp:attachment":[{"href":"https:\/\/wmmaa.org\/pt-pt\/wp-json\/wp\/v2\/media?parent=357694"}],"wp:term":[{"taxonomy":"category","embeddable":true,"href":"https:\/\/wmmaa.org\/pt-pt\/wp-json\/wp\/v2\/categories?post=357694"},{"taxonomy":"post_tag","embeddable":true,"href":"https:\/\/wmmaa.org\/pt-pt\/wp-json\/wp\/v2\/tags?post=357694"}],"curies":[{"name":"wp","href":"https:\/\/api.w.org\/{rel}","templated":true}]}}