{"id":355009,"date":"2023-02-09T08:30:02","date_gmt":"2023-02-09T06:30:02","guid":{"rendered":"https:\/\/wmmaa.org\/presidente-do-ufc-esclarece-situacao-da-luta-entre-mcgregor-e-chandler\/"},"modified":"2023-02-09T08:30:02","modified_gmt":"2023-02-09T06:30:02","slug":"presidente-do-ufc-esclarece-situacao-da-luta-entre-mcgregor-e-chandler","status":"publish","type":"post","link":"https:\/\/wmmaa.org\/pt-pt\/presidente-do-ufc-esclarece-situacao-da-luta-entre-mcgregor-e-chandler\/","title":{"rendered":"Presidente do UFC esclarece situa\u00e7\u00e3o da luta entre McGregor e Chandler"},"content":{"rendered":"<div id=\"feat-img-reg\" class=\"relative\">\n <img decoding=\"async\" src=\"https:\/\/wmmaa.org\/wp-content\/uploads\/2023\/02\/41a4134dd80c149f5b6e5671a653f5f9_XL.jpg\" alt=\"Presidente do UFC esclarece situa\u00e7\u00e3o da luta entre McGregor e Chandler\"><\/div>\n<p><!-- Item introtext --><\/p>\n<div class=\"itemIntroText\">\n<p>Apesar de relatos anteriores de que a luta entre Conor McGregor e Michael Chandler seria pelo peso meio-m\u00e9dio, os lutadores se enfrentar\u00e3o no peso leve.<\/p>\n<\/p>\n<\/div>\n<p><!--AdFox START--><\/p>\n<p><!--&#1055;&#1083;&#1086;&#1097;&#1072;&#1076;&#1082;&#1072;: FightTime.ru \/ * \/ *--><\/p>\n<p><!--&#1058;&#1080;&#1087; &#1073;&#1072;&#1085;&#1085;&#1077;&#1088;&#1072;: &#1044;&#1077;&#1089;&#1082;&#1090;&#1086;&#1087;\/&#1052;&#1086;&#1073;&#1080;&#1083;&#1100;&#1085;&#1099;&#1081; 728x90\/300x300--><\/p>\n<p><!--&#1056;&#1072;&#1089;&#1087;&#1086;&#1083;&#1086;&#1078;&#1077;&#1085;&#1080;&#1077;: &#1050;&#1086;&#1085;&#1090;&#1077;&#1085;&#1090; &#1087;&#1086;&#1089;&#1083;&#1077; &#1074;&#1089;&#1090;&#1091;&#1087;&#1083;&#1077;&#1085;&#1080;&#1103;--><\/p>\n<div id=\"adfox_167032076949914564\" class=\"yandex_rtb_wrapper\"><\/div>\n<p><!-- Item fulltext --><\/p>\n<div class=\"itemFullText\">\n<p>O an\u00fancio foi feito em entrevista ao The Pat McAfee Show pelo presidente do UFC, Dana White.<\/p>\n<blockquote>\n<p>\u201cSim, ser\u00e1 leve\u201d, disse o chefe da organiza\u00e7\u00e3o.<\/p>\n<\/blockquote>\n<p>As brancas tamb\u00e9m responderam \u00e0 pergunta se o vencedor deste confronto pode contar com uma chance de t\u00edtulo.<\/p>\n<blockquote>\n<p>&#8220;Ainda n\u00e3o sei. Tudo o que posso dizer \u00e9 que Conor vs. Chandler vai ser divertido para as pessoas. Ser\u00e1 um exemplo de absoluta crueldade&#8221;<\/p>\n<\/blockquote>\n<p>Na semana passada, Conor McGregor e Michael Chandler foram oficialmente nomeados como os treinadores da pr\u00f3xima temporada do The Ultimate Fighter, que come\u00e7ar\u00e1 a ser filmado em breve. O show ser\u00e1 exibido na TV de 30 de maio a 15 de agosto, e h\u00e1 rumores de que a luta em si est\u00e1 marcada para setembro.<\/p>\n<p>Na v\u00e9spera, houve a informa\u00e7\u00e3o de que no \u00e2mbito da 31\u00aa temporada do TUF competir\u00e3o lutadores que j\u00e1 jogaram na liga mais forte do mundo, mas a deixaram por v\u00e1rios motivos, e estreantes que querem mostrar seus talentos no UFC v\u00e3o competir . Representantes da organiza\u00e7\u00e3o ainda n\u00e3o fizeram nenhuma declara\u00e7\u00e3o oficial sobre o assunto.<\/p>\n<\/p>\n<\/div>\n<p><!--post-tags--><\/p>\n<p>Fonte: https:\/\/fighttime.ru\/news\/item\/30734-prezident-ufc-proyasnil-status-boya-makgregora-i-chendlera.html?rand=19907<\/p>\n","protected":false},"excerpt":{"rendered":"<p>Apesar de relatos anteriores de que a luta entre Conor McGregor e Michael Chandler seria pelo peso meio-m\u00e9dio, os lutadores se enfrentar\u00e3o no peso leve. O an\u00fancio foi feito em entrevista ao The Pat McAfee Show pelo presidente do UFC, Dana White. \u201cSim, ser\u00e1 leve\u201d, disse o chefe da organiza\u00e7\u00e3o. As brancas tamb\u00e9m responderam \u00e0 [&hellip;]<\/p>\n","protected":false},"author":1,"featured_media":354996,"comment_status":"","ping_status":"open","sticky":false,"template":"","format":"standard","meta":{"footnotes":""},"categories":[1170],"tags":[33,63,224],"_links":{"self":[{"href":"https:\/\/wmmaa.org\/pt-pt\/wp-json\/wp\/v2\/posts\/355009"}],"collection":[{"href":"https:\/\/wmmaa.org\/pt-pt\/wp-json\/wp\/v2\/posts"}],"about":[{"href":"https:\/\/wmmaa.org\/pt-pt\/wp-json\/wp\/v2\/types\/post"}],"author":[{"embeddable":true,"href":"https:\/\/wmmaa.org\/pt-pt\/wp-json\/wp\/v2\/users\/1"}],"replies":[{"embeddable":true,"href":"https:\/\/wmmaa.org\/pt-pt\/wp-json\/wp\/v2\/comments?post=355009"}],"version-history":[{"count":0,"href":"https:\/\/wmmaa.org\/pt-pt\/wp-json\/wp\/v2\/posts\/355009\/revisions"}],"wp:featuredmedia":[{"embeddable":true,"href":"https:\/\/wmmaa.org\/pt-pt\/wp-json\/wp\/v2\/media\/354996"}],"wp:attachment":[{"href":"https:\/\/wmmaa.org\/pt-pt\/wp-json\/wp\/v2\/media?parent=355009"}],"wp:term":[{"taxonomy":"category","embeddable":true,"href":"https:\/\/wmmaa.org\/pt-pt\/wp-json\/wp\/v2\/categories?post=355009"},{"taxonomy":"post_tag","embeddable":true,"href":"https:\/\/wmmaa.org\/pt-pt\/wp-json\/wp\/v2\/tags?post=355009"}],"curies":[{"name":"wp","href":"https:\/\/api.w.org\/{rel}","templated":true}]}}