{"id":353453,"date":"2023-02-07T02:53:57","date_gmt":"2023-02-07T00:53:57","guid":{"rendered":"https:\/\/wmmaa.org\/chris-weidman-quer-voltar-ao-ufc-no-verao-volto-para-tentar-pegar-o-que-e-meu\/"},"modified":"2023-02-07T02:53:57","modified_gmt":"2023-02-07T00:53:57","slug":"chris-weidman-quer-voltar-ao-ufc-no-verao-volto-para-tentar-pegar-o-que-e-meu","status":"publish","type":"post","link":"https:\/\/wmmaa.org\/pt-pt\/chris-weidman-quer-voltar-ao-ufc-no-verao-volto-para-tentar-pegar-o-que-e-meu\/","title":{"rendered":"Chris Weidman quer voltar ao UFC no ver\u00e3o: &#8220;Volto para tentar pegar o que \u00e9 meu.&#8221;"},"content":{"rendered":"<p>Chris Weidman est\u00e1 quase pronto para voltar ao cage. <\/p>\n<p>Weidman, ex-campe\u00e3o dos m\u00e9dios do UFC, est\u00e1 afastado das competi\u00e7\u00f5es h\u00e1 quase dois anos ap\u00f3s a catastr\u00f3fica les\u00e3o na perna que sofreu contra Uriah Hall no UFC 261. Em janeiro, o ex-campe\u00e3o dos m\u00e9dios do UFC anunciou que <a rel=\"nofollow noopener\" target=\"_blank\" href=\"https:\/\/www.mmamania.com\/2023\/1\/25\/23571249\/chris-weidman-vs-owen-livesey-booked-march-11-ufc-fight-pass-mma\">voltar\u00e1 \u00e0 ativa em mar\u00e7o<\/a>onde ele enfrenta Owen Livesey em uma superluta de grappling no Polaris 23. Falando com Ariel Helwani na segunda-feira, Weidman explicou que sua perna ainda n\u00e3o est\u00e1 100 por cento e, portanto, ele viu o grappling como uma boa maneira de voltar \u00e0 competi\u00e7\u00e3o. <\/p>\n<p>&#8220;Tem sido um longo caminho&#8221;, disse Weidman em <a rel=\"nofollow noopener\" target=\"_blank\" href=\"https:\/\/www.youtube.com\/watch?v=a4zFm-e4sH0\"><em>A Hora do MMA<\/em><\/a>. &#8220;Tenho suportado esta les\u00e3o e recupera\u00e7\u00e3o. Houve 4 cirurgias e fui infectado. Tem sido um inferno. J\u00e1 me pediram algumas vezes para participar de eventos de grappling ao longo dos anos e nunca funcionou. em termos de tempo. Eu fiz o Abu Dhabi [Combat Club] l\u00e1 em 2009, fiz as seletivas e depois pude ir para o Abu Dhabis em Barcelona, \u200b\u200bna Espanha, e foi uma grande oportunidade para mim. Foi uma \u00f3tima experi\u00eancia. Senti que faria mais porque \u00e9 algo que gosto de fazer. Mas o MMA tomou conta, ent\u00e3o tenho focado nisso. Minha perna ainda precisa sarar, mas ainda tenho que lidar com alguns problemas em p\u00e9. Me ofereceram a luta de luta Polaris. Eu pensei que este era um momento incr\u00edvel. <\/p>\n<p>Weidman disse que n\u00e3o \u00e9 iniciante quando se trata de grappling de elite. Ele foi duas vezes lutador do All-American na faculdade e venceu as seletivas do ADCC na Am\u00e9rica do Norte em 2009, onde fez uma luta competitiva com a lenda do grappling Andr\u00e9 Galv\u00e3o. <\/p>\n<p>Ainda assim, a primeira prioridade de Weidman \u00e9 retornar \u00e0 sua carreira no MMA, e depois de se testar nesta luta de grappling, &#8220;The All-American&#8221; espera voltar ao cage neste ver\u00e3o. <\/p>\n<p>&#8221; Acho que \u00e9 junho. &#8220;Algures em junho. Vou esperar at\u00e9 depois desta luta. Consiga essa vit\u00f3ria, concentre-se nisso e, depois disso, irei para o UFC e descobrirei. Ainda tenho coisas para resolver na minha perna.&#8221; <\/p>\n<div><\/div>\n<p>Weidman \u00e9 um dos pesos m\u00e9dios mais talentosos da hist\u00f3ria do UFC, tendo mantido o t\u00edtulo por mais de dois anos. Com 39 anos e vindo de uma das piores les\u00f5es da hist\u00f3ria do UFC, \u00e9 justo se perguntar por que ele est\u00e1 voltando ao MMA. Mas para o ex-campe\u00e3o \u00e9 simples: ele acredita que pode voltar a ser o melhor do mundo e quer provar isso, ou seja, quando voltar, quer ser jogado no fundo do po\u00e7o. <\/p>\n<p>&#8220;Eu diria que algu\u00e9m est\u00e1 entre os 15 primeiros&#8221;, disse Weidman. &#8220;Qualquer um de 10-15. Eu tinha tipo, 12 ou algo assim quando sa\u00ed, ent\u00e3o em algum lugar l\u00e1. N\u00e3o vou voltar para ser um lutador classificado como B ou um porteiro ou algo assim. Eu passei por todo esse inferno n\u00e3o s\u00f3 para voltar e ser assim. Para pegar o cintur\u00e3o, estou voltando para lutar pelo que era meu. Depois de analisar todos esses caras e ver a divis\u00e3o dos m\u00e9dios nesses \u00faltimos dois anos, com todos na ponta N\u00e3o acho que haja qualquer raz\u00e3o para eu n\u00e3o vencer esses caras. Ent\u00e3o, estou animado para trabalhar meu caminho e chegar l\u00e1. &#8230; <\/p>\n<p>&#8220;Acho que meu conjunto de habilidades combina muito bem com os melhores, e estou animado para chegar l\u00e1. Definitivamente, h\u00e1 uma maneira de chegar l\u00e1. Ven\u00e7a algu\u00e9m entre os 15 primeiros e talvez algu\u00e9m entre os 5 primeiros e boom, cheguei. Mas tenho muito trabalho a fazer e estou empolgado com o desafio. N\u00e3o estou me colocando nessa porcaria para lutar contra alguns caras que sei que posso vencer ou apenas ter um luta de grandes nomes, estou tentando chocar o mundo de novo, percebo que n\u00e3o vai ter muita gente pensando que posso voltar e isso me emociona. <\/p>\n<p>A luta de Weidman com Livesey acontece no dia 11 de mar\u00e7o no Doncaster Dome em Doncaster, Inglaterra, e ser\u00e1 transmitida exclusivamente no UFC Fight Pass. <\/p>\n<p>Fonte: https:\/\/www.mmafighting.com\/2023\/2\/6\/23588331\/chris-weidman-targets-summer-ufc-return-im-coming-back-to-try-and-get-back-what- \u00e9-meu?rand=96749<\/p>\n","protected":false},"excerpt":{"rendered":"<p>Chris Weidman est\u00e1 quase pronto para voltar ao cage. Weidman, ex-campe\u00e3o dos m\u00e9dios do UFC, est\u00e1 afastado das competi\u00e7\u00f5es h\u00e1 quase dois anos ap\u00f3s a catastr\u00f3fica les\u00e3o na perna que sofreu contra Uriah Hall no UFC 261. Em janeiro, o ex-campe\u00e3o dos m\u00e9dios do UFC anunciou que voltar\u00e1 \u00e0 ativa em mar\u00e7oonde ele enfrenta Owen [&hellip;]<\/p>\n","protected":false},"author":1,"featured_media":353444,"comment_status":"","ping_status":"open","sticky":false,"template":"","format":"standard","meta":{"footnotes":""},"categories":[1170],"tags":[],"_links":{"self":[{"href":"https:\/\/wmmaa.org\/pt-pt\/wp-json\/wp\/v2\/posts\/353453"}],"collection":[{"href":"https:\/\/wmmaa.org\/pt-pt\/wp-json\/wp\/v2\/posts"}],"about":[{"href":"https:\/\/wmmaa.org\/pt-pt\/wp-json\/wp\/v2\/types\/post"}],"author":[{"embeddable":true,"href":"https:\/\/wmmaa.org\/pt-pt\/wp-json\/wp\/v2\/users\/1"}],"replies":[{"embeddable":true,"href":"https:\/\/wmmaa.org\/pt-pt\/wp-json\/wp\/v2\/comments?post=353453"}],"version-history":[{"count":0,"href":"https:\/\/wmmaa.org\/pt-pt\/wp-json\/wp\/v2\/posts\/353453\/revisions"}],"wp:featuredmedia":[{"embeddable":true,"href":"https:\/\/wmmaa.org\/pt-pt\/wp-json\/wp\/v2\/media\/353444"}],"wp:attachment":[{"href":"https:\/\/wmmaa.org\/pt-pt\/wp-json\/wp\/v2\/media?parent=353453"}],"wp:term":[{"taxonomy":"category","embeddable":true,"href":"https:\/\/wmmaa.org\/pt-pt\/wp-json\/wp\/v2\/categories?post=353453"},{"taxonomy":"post_tag","embeddable":true,"href":"https:\/\/wmmaa.org\/pt-pt\/wp-json\/wp\/v2\/tags?post=353453"}],"curies":[{"name":"wp","href":"https:\/\/api.w.org\/{rel}","templated":true}]}}