{"id":352380,"date":"2023-02-05T10:16:56","date_gmt":"2023-02-05T08:16:56","guid":{"rendered":"https:\/\/wmmaa.org\/show-pos-luta-do-bellator-290-reacao-a-luta-final-de-fedor-emelianenko-estreia-do-bellator-na-cbs\/"},"modified":"2023-02-05T10:16:56","modified_gmt":"2023-02-05T08:16:56","slug":"show-pos-luta-do-bellator-290-reacao-a-luta-final-de-fedor-emelianenko-estreia-do-bellator-na-cbs","status":"publish","type":"post","link":"https:\/\/wmmaa.org\/pt-pt\/show-pos-luta-do-bellator-290-reacao-a-luta-final-de-fedor-emelianenko-estreia-do-bellator-na-cbs\/","title":{"rendered":"Show p\u00f3s-luta do Bellator 290: rea\u00e7\u00e3o \u00e0 luta final de Fedor Emelianenko, estreia do Bellator na CBS"},"content":{"rendered":"<p>A estreia do Bellator na CBS j\u00e1 passou, a carreira do lend\u00e1rio Fedor Emelianenko est\u00e1 oficialmente encerrada e n\u00e3o foi o final feliz que muitos f\u00e3s de MMA esperavam. <\/p>\n<p>Ap\u00f3s o evento Bellator 290 de s\u00e1bado, Mike Heck, Shaun Al-Shatti e Jed Meshew, do MMA Fighting, reagem \u00e0 derrota de Emelianenko por nocaute t\u00e9cnico no primeiro round para o campe\u00e3o peso-pesado Ryan Bader no evento principal, a resposta elegante de Bader a como tudo aconteceu, seja ou n\u00e3o uma luta com Francis Ngannou poderia acontecer, como o card se comportou como um todo, o estoque de Johnny Eblen ap\u00f3s uma performance fant\u00e1stica contra Anatoly Tokov para manter seu campeonato dos m\u00e9dios, a finaliza\u00e7\u00e3o sensacional de Brennan Ward sobre Sabah Homasi, o nocaute do ano de Lorenz Larkin e muito mais . <\/p>\n<p>Assista ao show p\u00f3s-luta do Bellator 290 acima, ou uma vers\u00e3o somente em \u00e1udio do show tamb\u00e9m pode ser transmitida abaixo e em <a rel=\"nofollow noopener\" target=\"_blank\" href=\"https:\/\/go.redirectingat.com\/?xcust=19954__t_w__r_google.com__d_D&amp;id=66960X1516590&amp;xs=1&amp;url=https:\/\/itunes.apple.com\/podcast\/id320642139&amp;referrer=sbnation.com\" data-cdata=\"{\">Podcasts da Apple<\/a>, <a rel=\"nofollow noopener\" target=\"_blank\" href=\"https:\/\/podcasts.google.com\/?feed=aHR0cDovL2ZlZWRzLmZlZWRidXJuZXIuY29tL1RoZU1tYUhvdXJXaXRoQXJpZWxIZWx3YW5p\">Google Podcasts<\/a>, <a rel=\"nofollow noopener\" target=\"_blank\" href=\"https:\/\/open.spotify.com\/show\/27Z2RR39rjGrRcV1DiQ40J?si=5ZS0Lje7QbWITUd60cOb8g\">Spotify<\/a>, <a rel=\"nofollow noopener\" target=\"_blank\" href=\"https:\/\/www.stitcher.com\/podcast\/mma-fighting\">Costureira<\/a>e onde quer que voc\u00ea obtenha seus pods. <\/p>\n<div><\/div>\n<p>Fonte: https:\/\/www.mmafighting.com\/2023\/2\/5\/23586358\/bellator-290-post-fight-show-reaction-to-fedor-emelianenkos-final-fight-bellators-cbs-debut?rand= 96749<\/p>\n","protected":false},"excerpt":{"rendered":"<p>A estreia do Bellator na CBS j\u00e1 passou, a carreira do lend\u00e1rio Fedor Emelianenko est\u00e1 oficialmente encerrada e n\u00e3o foi o final feliz que muitos f\u00e3s de MMA esperavam. Ap\u00f3s o evento Bellator 290 de s\u00e1bado, Mike Heck, Shaun Al-Shatti e Jed Meshew, do MMA Fighting, reagem \u00e0 derrota de Emelianenko por nocaute t\u00e9cnico no [&hellip;]<\/p>\n","protected":false},"author":1,"featured_media":352369,"comment_status":"","ping_status":"open","sticky":false,"template":"","format":"standard","meta":{"footnotes":""},"categories":[1170],"tags":[],"_links":{"self":[{"href":"https:\/\/wmmaa.org\/pt-pt\/wp-json\/wp\/v2\/posts\/352380"}],"collection":[{"href":"https:\/\/wmmaa.org\/pt-pt\/wp-json\/wp\/v2\/posts"}],"about":[{"href":"https:\/\/wmmaa.org\/pt-pt\/wp-json\/wp\/v2\/types\/post"}],"author":[{"embeddable":true,"href":"https:\/\/wmmaa.org\/pt-pt\/wp-json\/wp\/v2\/users\/1"}],"replies":[{"embeddable":true,"href":"https:\/\/wmmaa.org\/pt-pt\/wp-json\/wp\/v2\/comments?post=352380"}],"version-history":[{"count":0,"href":"https:\/\/wmmaa.org\/pt-pt\/wp-json\/wp\/v2\/posts\/352380\/revisions"}],"wp:featuredmedia":[{"embeddable":true,"href":"https:\/\/wmmaa.org\/pt-pt\/wp-json\/wp\/v2\/media\/352369"}],"wp:attachment":[{"href":"https:\/\/wmmaa.org\/pt-pt\/wp-json\/wp\/v2\/media?parent=352380"}],"wp:term":[{"taxonomy":"category","embeddable":true,"href":"https:\/\/wmmaa.org\/pt-pt\/wp-json\/wp\/v2\/categories?post=352380"},{"taxonomy":"post_tag","embeddable":true,"href":"https:\/\/wmmaa.org\/pt-pt\/wp-json\/wp\/v2\/tags?post=352380"}],"curies":[{"name":"wp","href":"https:\/\/api.w.org\/{rel}","templated":true}]}}