{"id":351021,"date":"2023-02-03T22:01:04","date_gmt":"2023-02-03T20:01:04","guid":{"rendered":"https:\/\/wmmaa.org\/ufc-vegas-69-eleva-taila-santos-e-erin-blanchfield-a-nova-luta-principal-com-cinco-rounds\/"},"modified":"2023-02-03T22:01:04","modified_gmt":"2023-02-03T20:01:04","slug":"ufc-vegas-69-eleva-taila-santos-e-erin-blanchfield-a-nova-luta-principal-com-cinco-rounds","status":"publish","type":"post","link":"https:\/\/wmmaa.org\/pt-pt\/ufc-vegas-69-eleva-taila-santos-e-erin-blanchfield-a-nova-luta-principal-com-cinco-rounds\/","title":{"rendered":"UFC Vegas 69 eleva Taila Santos e Erin Blanchfield a nova luta principal com cinco rounds"},"content":{"rendered":"<p>O UFC Vegas 69 tem um novo headliner. <\/p>\n<p>A luta dos moscas agendada anteriormente em 18 de fevereiro entre Taila Santos e Erin Blanchfield foi elevada para um evento principal de cinco rounds, anunciou o UFC na sexta-feira. Esta not\u00edcia vem depois do primeiro evento principal do UFC Vegas 69, Cory Sandhagen contra Marlon Vera foi transferido para o UFC 25 de mar\u00e7o em San Antonio. <\/p>\n<aside>\n<div class=\"c-read-more\">\n<p class=\"c-read-more__intro\">\n<p> Relacionado\n <\/p>\n<h4>Cory Sandhagen x Marlon Vera remarcado para o evento principal do UFC em 25 de mar\u00e7o <\/h4>\n<\/div>\n<\/aside>\n<p>Santos x Blanchfield \u00e9 uma luta crucial para a divis\u00e3o feminina at\u00e9 125 libras. \u00c9 prov\u00e1vel que o vencedor fique na pole position para os t\u00edtulos do UFC. <\/p>\n<p>Santos (19-2) \u00e9 atualmente o terceiro peso mosca do MMA Fighting no mundo. Ela quase fez hist\u00f3ria em sua luta mais recente, quando ficou a um fio de cabelo da perturbadora campe\u00e3 peso-mosca do UFC Valentina Shevchenko. A brasileira de 29 anos conquistou uma seq\u00fc\u00eancia de quatro vit\u00f3rias consecutivas na luta, que incluiu vit\u00f3rias sobre Joanne Wood e Molly McCann. <\/p>\n<p>Blanchfield (10-1), No. 9 classificado peso-mosca do MMA Fighting, \u00e9 amplamente considerado um dos principais candidatos em todo o MMA feminino. Ela \u00e9 um 4-0 perfeito no UFC e dominou sua competi\u00e7\u00e3o, mais recentemente marcando uma finaliza\u00e7\u00e3o no primeiro round sobre McCann. <\/p>\n<p>O UFC Vegas 69 \u00e9 realizado no UFC Apex Las Vegas. <\/p>\n<p>Fonte: https:\/\/www.mmafighting.com\/2023\/2\/3\/23584860\/taila-santos-vs-erin-blanchfield-elevated-to-new-five-round-main-event-of-ufc-vegas- 69?rand=96749<\/p>\n","protected":false},"excerpt":{"rendered":"<p>O UFC Vegas 69 tem um novo headliner. A luta dos moscas agendada anteriormente em 18 de fevereiro entre Taila Santos e Erin Blanchfield foi elevada para um evento principal de cinco rounds, anunciou o UFC na sexta-feira. Esta not\u00edcia vem depois do primeiro evento principal do UFC Vegas 69, Cory Sandhagen contra Marlon Vera [&hellip;]<\/p>\n","protected":false},"author":1,"featured_media":350998,"comment_status":"","ping_status":"open","sticky":false,"template":"","format":"standard","meta":{"footnotes":""},"categories":[1170],"tags":[],"_links":{"self":[{"href":"https:\/\/wmmaa.org\/pt-pt\/wp-json\/wp\/v2\/posts\/351021"}],"collection":[{"href":"https:\/\/wmmaa.org\/pt-pt\/wp-json\/wp\/v2\/posts"}],"about":[{"href":"https:\/\/wmmaa.org\/pt-pt\/wp-json\/wp\/v2\/types\/post"}],"author":[{"embeddable":true,"href":"https:\/\/wmmaa.org\/pt-pt\/wp-json\/wp\/v2\/users\/1"}],"replies":[{"embeddable":true,"href":"https:\/\/wmmaa.org\/pt-pt\/wp-json\/wp\/v2\/comments?post=351021"}],"version-history":[{"count":0,"href":"https:\/\/wmmaa.org\/pt-pt\/wp-json\/wp\/v2\/posts\/351021\/revisions"}],"wp:featuredmedia":[{"embeddable":true,"href":"https:\/\/wmmaa.org\/pt-pt\/wp-json\/wp\/v2\/media\/350998"}],"wp:attachment":[{"href":"https:\/\/wmmaa.org\/pt-pt\/wp-json\/wp\/v2\/media?parent=351021"}],"wp:term":[{"taxonomy":"category","embeddable":true,"href":"https:\/\/wmmaa.org\/pt-pt\/wp-json\/wp\/v2\/categories?post=351021"},{"taxonomy":"post_tag","embeddable":true,"href":"https:\/\/wmmaa.org\/pt-pt\/wp-json\/wp\/v2\/tags?post=351021"}],"curies":[{"name":"wp","href":"https:\/\/api.w.org\/{rel}","templated":true}]}}