{"id":350367,"date":"2023-02-02T19:43:01","date_gmt":"2023-02-02T17:43:01","guid":{"rendered":"https:\/\/wmmaa.org\/between-the-links-a-ultima-corrida-de-fedor-pereira-x-adesanya-e-burns-x-masvidal-marcados-para-o-ufc-287-ufc-vegas-68\/"},"modified":"2023-02-02T19:43:01","modified_gmt":"2023-02-02T17:43:01","slug":"between-the-links-a-ultima-corrida-de-fedor-pereira-x-adesanya-e-burns-x-masvidal-marcados-para-o-ufc-287-ufc-vegas-68","status":"publish","type":"post","link":"https:\/\/wmmaa.org\/pt-pt\/between-the-links-a-ultima-corrida-de-fedor-pereira-x-adesanya-e-burns-x-masvidal-marcados-para-o-ufc-287-ufc-vegas-68\/","title":{"rendered":"Between the Links: a \u00faltima corrida de Fedor, Pereira x Adesanya e Burns x Masvidal marcados para o UFC 287, UFC Vegas 68"},"content":{"rendered":"<p>Pela \u00faltima vez em uma carreira lend\u00e1ria de duas d\u00e9cadas, Fedor Emelianenko far\u00e1 a caminhada para disputar uma luta de MMA. <\/p>\n<p>Em uma edi\u00e7\u00e3o in\u00e9dita do Between the Links, o painel discute o canto do cisne de &#8220;O \u00daltimo Imperador&#8221;, quando enfrentar\u00e1 Ryan Bader pelo cintur\u00e3o dos pesos pesados \u200b\u200bna luta principal do Bellator 290, e o card da luta como um todo que servir\u00e1 como a estreia do Bellator na CBS. Al\u00e9m disso, os t\u00f3picos incluem o grande an\u00fancio de Dana White na \u00faltima sexta-feira sobre o UFC 287, incluindo Alex Pereira x Israel Adesanya 2 na atra\u00e7\u00e3o principal, junto com Gilbert Burns x Jorge Masvidal no evento de 8 de abril, o retorno de Max Holloway ao oct\u00f3gono contra Arnold Allen no evento do UFC em 15 de abril, o card UFC Vegas6 8 deste s\u00e1bado encabe\u00e7ado por Derrick Lewis x Serghei Spivac e mais. <\/p>\n<p>O apresentador Mike Heck ter\u00e1 a companhia de Jed Meshew, do MMA Fighting, e Eric &#8220;New York Ric&#8221; Jackman. <\/p>\n<p>Assista ao show ao vivo \u00e0s 12h30 ET \/ 9h30 PT no v\u00eddeo acima. <\/p>\n<p>Se voc\u00ea perdeu o programa ao vivo, ainda pode assistir acima ou ouvir a vers\u00e3o em podcast, que pode ser encontrada abaixo e em <a rel=\"nofollow noopener\" target=\"_blank\" href=\"https:\/\/go.redirectingat.com\/?xcust=15766__t_w__r_google.com__d_D&amp;id=66960X1516590&amp;xs=1&amp;url=https:\/\/itunes.apple.com\/podcast\/id320642139&amp;referrer=sbnation.com\" data-cdata=\"{\">Podcasts da Apple<\/a>, <a rel=\"nofollow noopener\" target=\"_blank\" href=\"https:\/\/podcasts.google.com\/?feed=aHR0cDovL2ZlZWRzLmZlZWRidXJuZXIuY29tL1RoZU1tYUhvdXJXaXRoQXJpZWxIZWx3YW5p\">Google Podcasts<\/a>, <a rel=\"nofollow noopener\" target=\"_blank\" href=\"https:\/\/open.spotify.com\/show\/27Z2RR39rjGrRcV1DiQ40J?si=5ZS0Lje7QbWITUd60cOb8g\">Spotify<\/a>, <a rel=\"nofollow noopener\" target=\"_blank\" href=\"https:\/\/www.stitcher.com\/podcast\/mma-fighting\">Costureira<\/a>e onde quer que voc\u00ea obtenha seus pods. <\/p>\n<p>Fonte: https:\/\/www.mmafighting.com\/2023\/2\/2\/23582179\/between-the-links-fedors-last-ride-pereira-vs-adesanya-and-burns-vs-masvidal-ufc-287- ufc-vegas-68?rand=96749<\/p>\n","protected":false},"excerpt":{"rendered":"<p>Pela \u00faltima vez em uma carreira lend\u00e1ria de duas d\u00e9cadas, Fedor Emelianenko far\u00e1 a caminhada para disputar uma luta de MMA. Em uma edi\u00e7\u00e3o in\u00e9dita do Between the Links, o painel discute o canto do cisne de &#8220;O \u00daltimo Imperador&#8221;, quando enfrentar\u00e1 Ryan Bader pelo cintur\u00e3o dos pesos pesados \u200b\u200bna luta principal do Bellator 290, [&hellip;]<\/p>\n","protected":false},"author":1,"featured_media":350355,"comment_status":"","ping_status":"open","sticky":false,"template":"","format":"standard","meta":{"footnotes":""},"categories":[1170],"tags":[],"_links":{"self":[{"href":"https:\/\/wmmaa.org\/pt-pt\/wp-json\/wp\/v2\/posts\/350367"}],"collection":[{"href":"https:\/\/wmmaa.org\/pt-pt\/wp-json\/wp\/v2\/posts"}],"about":[{"href":"https:\/\/wmmaa.org\/pt-pt\/wp-json\/wp\/v2\/types\/post"}],"author":[{"embeddable":true,"href":"https:\/\/wmmaa.org\/pt-pt\/wp-json\/wp\/v2\/users\/1"}],"replies":[{"embeddable":true,"href":"https:\/\/wmmaa.org\/pt-pt\/wp-json\/wp\/v2\/comments?post=350367"}],"version-history":[{"count":0,"href":"https:\/\/wmmaa.org\/pt-pt\/wp-json\/wp\/v2\/posts\/350367\/revisions"}],"wp:featuredmedia":[{"embeddable":true,"href":"https:\/\/wmmaa.org\/pt-pt\/wp-json\/wp\/v2\/media\/350355"}],"wp:attachment":[{"href":"https:\/\/wmmaa.org\/pt-pt\/wp-json\/wp\/v2\/media?parent=350367"}],"wp:term":[{"taxonomy":"category","embeddable":true,"href":"https:\/\/wmmaa.org\/pt-pt\/wp-json\/wp\/v2\/categories?post=350367"},{"taxonomy":"post_tag","embeddable":true,"href":"https:\/\/wmmaa.org\/pt-pt\/wp-json\/wp\/v2\/tags?post=350367"}],"curies":[{"name":"wp","href":"https:\/\/api.w.org\/{rel}","templated":true}]}}