{"id":348324,"date":"2023-01-30T17:56:03","date_gmt":"2023-01-30T15:56:03","guid":{"rendered":"https:\/\/wmmaa.org\/luta-contra-cody-garbrandt-e-cancelada-novamente\/"},"modified":"2023-01-30T17:56:03","modified_gmt":"2023-01-30T15:56:03","slug":"luta-contra-cody-garbrandt-e-cancelada-novamente","status":"publish","type":"post","link":"https:\/\/wmmaa.org\/pt-pt\/luta-contra-cody-garbrandt-e-cancelada-novamente\/","title":{"rendered":"Luta contra Cody Garbrandt \u00e9 cancelada novamente"},"content":{"rendered":"<div id=\"feat-img-reg\" class=\"relative\">\n <img decoding=\"async\" src=\"https:\/\/wmmaa.org\/wp-content\/uploads\/2023\/01\/244971c58f865846f57467224615983e_XL.jpg\" alt=\"Luta contra Cody Garbrandt \u00e9 cancelada novamente\"><\/div>\n<p><!-- Item introtext --><\/p>\n<div class=\"itemIntroText\">\n<p>A desgra\u00e7a continua a assombrar o ex-campe\u00e3o peso-galo do UFC, Cody Garbrandt, que no ano passado n\u00e3o lutou uma \u00fanica luta por motivos fora de seu controle.<\/p>\n<\/p>\n<\/div>\n<p><!--AdFox START--><\/p>\n<p><!--&#1055;&#1083;&#1086;&#1097;&#1072;&#1076;&#1082;&#1072;: FightTime.ru \/ * \/ *--><\/p>\n<p><!--&#1058;&#1080;&#1087; &#1073;&#1072;&#1085;&#1085;&#1077;&#1088;&#1072;: &#1044;&#1077;&#1089;&#1082;&#1090;&#1086;&#1087;\/&#1052;&#1086;&#1073;&#1080;&#1083;&#1100;&#1085;&#1099;&#1081; 728x90\/300x300--><\/p>\n<p><!--&#1056;&#1072;&#1089;&#1087;&#1086;&#1083;&#1086;&#1078;&#1077;&#1085;&#1080;&#1077;: &#1050;&#1086;&#1085;&#1090;&#1077;&#1085;&#1090; &#1087;&#1086;&#1089;&#1083;&#1077; &#1074;&#1089;&#1090;&#1091;&#1087;&#1083;&#1077;&#1085;&#1080;&#1103;--><\/p>\n<div id=\"adfox_167032076949914564\" class=\"yandex_rtb_wrapper\"><\/div>\n<p><!-- Item fulltext --><\/p>\n<div class=\"itemFullText\">\n<p>Fontes bem informadas sobre a situa\u00e7\u00e3o relatam que Julio Arce, que deveria dividir o oct\u00f3gono com Garbrandt no dia 4 de mar\u00e7o no UFC 285 em Las Vegas, se machucou e desistiu do evento numerado.<\/p>\n<p>Neste momento, os matchmakers da organiza\u00e7\u00e3o tentam encontrar um novo advers\u00e1rio para o ex-campe\u00e3o.<\/p>\n<p>Cody Garbrandt, de 31 anos, est\u00e1 em uma sequ\u00eancia de duas lutas depois de perder na decis\u00e3o un\u00e2nime para Rob Font em 2021 e nocaute t\u00e9cnico no peso mosca para Kai Cara-France. No ano passado, o americano estava escalado para enfrentar Rani Yaya duas vezes, mas o brasileiro foi eliminado nas duas vezes devido a uma les\u00e3o.<\/p>\n<p>A luta entre Garbrandt e Arce estava programada para fazer parte do card principal do torneio, que ter\u00e1 como atra\u00e7\u00e3o principal a luta pelo cintur\u00e3o vago dos pesados \u200b\u200bdo UFC entre Jon Jones e Cyril Gun.<\/p>\n<\/p>\n<\/div>\n<p><!--post-tags--><\/p>\n<p>Fonte: https:\/\/fighttime.ru\/news\/item\/30648-boj-kodi-garbrendta-snova-otmenen.html?rand=19907<\/p>\n","protected":false},"excerpt":{"rendered":"<p>A desgra\u00e7a continua a assombrar o ex-campe\u00e3o peso-galo do UFC, Cody Garbrandt, que no ano passado n\u00e3o lutou uma \u00fanica luta por motivos fora de seu controle. Fontes bem informadas sobre a situa\u00e7\u00e3o relatam que Julio Arce, que deveria dividir o oct\u00f3gono com Garbrandt no dia 4 de mar\u00e7o no UFC 285 em Las Vegas, [&hellip;]<\/p>\n","protected":false},"author":1,"featured_media":348311,"comment_status":"","ping_status":"open","sticky":false,"template":"","format":"standard","meta":{"footnotes":""},"categories":[1170],"tags":[128],"_links":{"self":[{"href":"https:\/\/wmmaa.org\/pt-pt\/wp-json\/wp\/v2\/posts\/348324"}],"collection":[{"href":"https:\/\/wmmaa.org\/pt-pt\/wp-json\/wp\/v2\/posts"}],"about":[{"href":"https:\/\/wmmaa.org\/pt-pt\/wp-json\/wp\/v2\/types\/post"}],"author":[{"embeddable":true,"href":"https:\/\/wmmaa.org\/pt-pt\/wp-json\/wp\/v2\/users\/1"}],"replies":[{"embeddable":true,"href":"https:\/\/wmmaa.org\/pt-pt\/wp-json\/wp\/v2\/comments?post=348324"}],"version-history":[{"count":0,"href":"https:\/\/wmmaa.org\/pt-pt\/wp-json\/wp\/v2\/posts\/348324\/revisions"}],"wp:featuredmedia":[{"embeddable":true,"href":"https:\/\/wmmaa.org\/pt-pt\/wp-json\/wp\/v2\/media\/348311"}],"wp:attachment":[{"href":"https:\/\/wmmaa.org\/pt-pt\/wp-json\/wp\/v2\/media?parent=348324"}],"wp:term":[{"taxonomy":"category","embeddable":true,"href":"https:\/\/wmmaa.org\/pt-pt\/wp-json\/wp\/v2\/categories?post=348324"},{"taxonomy":"post_tag","embeddable":true,"href":"https:\/\/wmmaa.org\/pt-pt\/wp-json\/wp\/v2\/tags?post=348324"}],"curies":[{"name":"wp","href":"https:\/\/api.w.org\/{rel}","templated":true}]}}