{"id":348210,"date":"2023-01-30T11:02:01","date_gmt":"2023-01-30T09:02:01","guid":{"rendered":"https:\/\/wmmaa.org\/alexander-volkov-chamou-a-condicao-da-luta-com-sergei-pavlovich\/"},"modified":"2023-01-30T11:02:01","modified_gmt":"2023-01-30T09:02:01","slug":"alexander-volkov-chamou-a-condicao-da-luta-com-sergei-pavlovich","status":"publish","type":"post","link":"https:\/\/wmmaa.org\/pt-pt\/alexander-volkov-chamou-a-condicao-da-luta-com-sergei-pavlovich\/","title":{"rendered":"Alexander Volkov chamou a condi\u00e7\u00e3o da luta com Sergei Pavlovich"},"content":{"rendered":"<div id=\"feat-img-reg\" class=\"relative\">\n <img decoding=\"async\" src=\"https:\/\/wmmaa.org\/wp-content\/uploads\/2023\/01\/a35600b0595bb9de6a5867312aa2b328_XL.jpg\" alt=\"Alexander Volkov chamou a condi\u00e7\u00e3o da luta com Sergei Pavlovich\"><\/div>\n<p><!-- Item introtext --><\/p>\n<div class=\"itemIntroText\">\n<p>O oitavo peso pesado do UFC, Alexander Volkov, avalia as chances de ter que dividir o oct\u00f3gono com o compatriota Sergei Pavlovich, que ocupa a terceira linha da divis\u00e3o.<\/p>\n<\/p>\n<\/div>\n<p><!--AdFox START--><\/p>\n<p><!--&#1055;&#1083;&#1086;&#1097;&#1072;&#1076;&#1082;&#1072;: FightTime.ru \/ * \/ *--><\/p>\n<p><!--&#1058;&#1080;&#1087; &#1073;&#1072;&#1085;&#1085;&#1077;&#1088;&#1072;: &#1044;&#1077;&#1089;&#1082;&#1090;&#1086;&#1087;\/&#1052;&#1086;&#1073;&#1080;&#1083;&#1100;&#1085;&#1099;&#1081; 728x90\/300x300--><\/p>\n<p><!--&#1056;&#1072;&#1089;&#1087;&#1086;&#1083;&#1086;&#1078;&#1077;&#1085;&#1080;&#1077;: &#1050;&#1086;&#1085;&#1090;&#1077;&#1085;&#1090; &#1087;&#1086;&#1089;&#1083;&#1077; &#1074;&#1089;&#1090;&#1091;&#1087;&#1083;&#1077;&#1085;&#1080;&#1103;--><\/p>\n<div id=\"adfox_167032076949914564\" class=\"yandex_rtb_wrapper\"><\/div>\n<p><!-- Item fulltext --><\/p>\n<div class=\"itemFullText\">\n<blockquote>\n<p>\u201cAt\u00e9 agora, estou c\u00e9tico sobre essa luta &#8211; acho que n\u00e3o vai acontecer\u201d, disse o lutador russo em entrevista. <a rel=\"nofollow noopener\" target=\"_blank\" href=\"https:\/\/www.youtube.com\/watch?v=kAKdrZZ911g&amp;t=1586s\">Sport24<\/a>. \u201cNem eu o quero, nem ele, provavelmente, tamb\u00e9m. Treinamos muito juntos, brigamos muito. Provavelmente, para que essa luta aconte\u00e7a, deve ser um campeonato ou um candidato 100%.&#8221;<\/p>\n<p>\u201cMais uma vez, o UFC pode definir seus termos e n\u00f3s dois podemos n\u00e3o fazer nada, mas acho que n\u00e3o. Para realizar essa luta, voc\u00ea precisa entender quem est\u00e1 interessado nessa luta, e ela interessar\u00e1 apenas ao nosso p\u00fablico. E nosso p\u00fablico para o UFC n\u00e3o \u00e9 o objetivo principal agora. Tudo pode acontecer, mas, em geral, ainda n\u00e3o sinto que seja necess\u00e1rio lutar especificamente com Sergey. \u201d<\/p>\n<\/blockquote>\n<p>Alexander Volkov, 34, far\u00e1 sua pr\u00f3xima luta em 11 de mar\u00e7o contra o moldavo Alexander Romanov, enquanto Sergei Pavlovich, 30, deve enfrentar o americano Curtis Blades em abril.<\/p>\n<\/p>\n<\/div>\n<p><!--post-tags--><\/p>\n<p>Fonte: https:\/\/fighttime.ru\/news\/item\/30646-aleksandr-volkov-nazval-uslovie-boya-s-sergeem-pavlovichem.html?rand=19907<\/p>\n","protected":false},"excerpt":{"rendered":"<p>O oitavo peso pesado do UFC, Alexander Volkov, avalia as chances de ter que dividir o oct\u00f3gono com o compatriota Sergei Pavlovich, que ocupa a terceira linha da divis\u00e3o. \u201cAt\u00e9 agora, estou c\u00e9tico sobre essa luta &#8211; acho que n\u00e3o vai acontecer\u201d, disse o lutador russo em entrevista. Sport24. \u201cNem eu o quero, nem ele, [&hellip;]<\/p>\n","protected":false},"author":1,"featured_media":348200,"comment_status":"","ping_status":"open","sticky":false,"template":"","format":"standard","meta":{"footnotes":""},"categories":[1170],"tags":[1456,1366],"_links":{"self":[{"href":"https:\/\/wmmaa.org\/pt-pt\/wp-json\/wp\/v2\/posts\/348210"}],"collection":[{"href":"https:\/\/wmmaa.org\/pt-pt\/wp-json\/wp\/v2\/posts"}],"about":[{"href":"https:\/\/wmmaa.org\/pt-pt\/wp-json\/wp\/v2\/types\/post"}],"author":[{"embeddable":true,"href":"https:\/\/wmmaa.org\/pt-pt\/wp-json\/wp\/v2\/users\/1"}],"replies":[{"embeddable":true,"href":"https:\/\/wmmaa.org\/pt-pt\/wp-json\/wp\/v2\/comments?post=348210"}],"version-history":[{"count":0,"href":"https:\/\/wmmaa.org\/pt-pt\/wp-json\/wp\/v2\/posts\/348210\/revisions"}],"wp:featuredmedia":[{"embeddable":true,"href":"https:\/\/wmmaa.org\/pt-pt\/wp-json\/wp\/v2\/media\/348200"}],"wp:attachment":[{"href":"https:\/\/wmmaa.org\/pt-pt\/wp-json\/wp\/v2\/media?parent=348210"}],"wp:term":[{"taxonomy":"category","embeddable":true,"href":"https:\/\/wmmaa.org\/pt-pt\/wp-json\/wp\/v2\/categories?post=348210"},{"taxonomy":"post_tag","embeddable":true,"href":"https:\/\/wmmaa.org\/pt-pt\/wp-json\/wp\/v2\/tags?post=348210"}],"curies":[{"name":"wp","href":"https:\/\/api.w.org\/{rel}","templated":true}]}}