{"id":347122,"date":"2023-01-28T20:12:59","date_gmt":"2023-01-28T18:12:59","guid":{"rendered":"https:\/\/wmmaa.org\/tweets-quentes-alex-pereira-e-israel-adesanya-se-encontram-novamente-alem-da-grande-vitoria-de-jamahal-hill-no-ufc-283\/"},"modified":"2023-01-28T20:12:59","modified_gmt":"2023-01-28T18:12:59","slug":"tweets-quentes-alex-pereira-e-israel-adesanya-se-encontram-novamente-alem-da-grande-vitoria-de-jamahal-hill-no-ufc-283","status":"publish","type":"post","link":"https:\/\/wmmaa.org\/pt-pt\/tweets-quentes-alex-pereira-e-israel-adesanya-se-encontram-novamente-alem-da-grande-vitoria-de-jamahal-hill-no-ufc-283\/","title":{"rendered":"Tweets quentes: Alex Pereira e Israel Adesanya se encontram novamente, al\u00e9m da grande vit\u00f3ria de Jamahal Hill no UFC 283"},"content":{"rendered":"<p>Estamos de volta! Estamos de volta! \u00c9 mais uma semana de baixas no MMA. O UFC acaba de anunciar algumas grandes lutas e estamos no UFC 283, ent\u00e3o h\u00e1 muito o que falar. <a rel=\"nofollow noopener\" target=\"_blank\" href=\"https:\/\/youtu.be\/ZSS5dEeMX64?t=23\">Vamos ao que interessa<\/a>. <\/p>\n<hr class=\"p-entry-hr\">\n<h1>\n<strong>Alex Pereira<\/strong><strong> contra <\/strong><strong>Israel Adesanya<\/strong><strong> 2 (4?)<\/strong><br \/>\n<\/h1>\n<div>\n<blockquote class=\"twitter-tweet\" data-conversation=\"none\">\n<p lang=\"en\" dir=\"ltr\">Evento principal do UFC287 em abril? Provavelmente Poatan, mas voc\u00ea acha que Izzy vai levar a revanche ou levar\u00e1 mais tempo para se preparar? <\/p>\n<p>&#8211;Lungi05 (@lungikk) <a rel=\"nofollow noopener\" target=\"_blank\" href=\"https:\/\/twitter.com\/lungikk\/status\/1618020221570408448?ref_src=twsrc%5Etfw\">24 de janeiro de 2023<\/a>\n<\/p>\n<\/blockquote>\n<\/div>\n<p> Eu fiz perguntas antes do an\u00fancio do UFC, ent\u00e3o esta \u00e9 uma oportunidade para falarmos sobre a luta pelo t\u00edtulo dos m\u00e9dios do UFC (tetralogia). <\/p>\n<p>Primeiro, todos n\u00f3s sab\u00edamos que isso aconteceria. Sim, houve alguns rumores sobre o tempo e o potencial de Robert Whittaker intervir, mas o UFC sempre visaria essa luta. Adesanya, um campe\u00e3o de longa data, e sua rivalidade contra Pereira s\u00e3o algumas das hist\u00f3rias promocionais mais convincentes que o UFC tem. Al\u00e9m disso, a primeira luta deles (no UFC) foi divertida. Esta \u00e9 uma decis\u00e3o simples. <\/p>\n<p>Dito isto, eu ainda meio que gostaria que isso n\u00e3o estivesse acontecendo. H\u00e1 muito tempo estou registrado como odiando revanche imediata pelo t\u00edtulo em qualquer cen\u00e1rio. Isso faz com que a vit\u00f3ria do desafiante pare\u00e7a menos importante. Basicamente, diz: &#8220;Voc\u00ea deve fazer duas vezes ou n\u00e3o conta&#8221;, e isso me irrita. Se Adesanya perder, deixe-o enfrentar outro oponente antes de correr de volta. \u00c9 assim que me sinto. Al\u00e9m disso, se Adesanya vencer a revanche, eles v\u00e3o lutar <em>novamente<\/em>, o que significa que o cintur\u00e3o dos m\u00e9dios ficar\u00e1 suspenso por quase dois anos em uma luta. Mas, infelizmente, sei que estou em minoria aqui. <\/p>\n<p>Felizmente, minha opini\u00e3o inicial sobre essa luta \u00e9 que provavelmente podemos evitar esse cen\u00e1rio porque sou a favor de Pereira vencer mais uma vez. As tr\u00eas vit\u00f3rias de Adesanya entre si mostraram que ele est\u00e1 equipado com todas as ferramentas necess\u00e1rias para vencer e, no entanto, n\u00e3o conseguiu. N\u00e3o \u00e9 uma coincid\u00eancia, eu acho. Antes da \u00faltima luta, previ que Adesanya permaneceria conservador e permitiria que Pereira continuasse a luta. Essa previs\u00e3o foi boa. Adesanya machucou Pereira cedo, mas n\u00e3o pressionou e sofreu as consequ\u00eancias depois. Esta parece ter sido a caracter\u00edstica mais importante em como os dois se conheceram. Exceto quaisquer mudan\u00e7as que Adesanya fa\u00e7a, o que ele n\u00e3o est\u00e1 disposto a fazer, parece que o mesmo resultado ocorrer\u00e1. <\/p>\n<hr class=\"p-entry-hr\">\n<h1>\n<strong>Gilbert Burns<\/strong><strong> contra <\/strong><strong>Jorge Masvidal<\/strong><br \/>\n<\/h1>\n<div>\n<blockquote class=\"twitter-tweet\" data-conversation=\"none\">\n<p lang=\"en\" dir=\"ltr\">Conor x masvidal ser\u00e1 o confronto de retorno mais importante do Conor. Falso ou verdadeiro. (\u00c9 verdade)<\/p>\n<p>&#8212; GRANT PANKRATZ (@grantpankratz) <a rel=\"nofollow noopener\" target=\"_blank\" href=\"https:\/\/twitter.com\/grantpankratz\/status\/1619066325363752960?ref_src=twsrc%5Etfw\">27 de janeiro de 2023<\/a>\n<\/p>\n<\/blockquote>\n<\/div>\n<p>Mais uma vez, solicitei perguntas antes do an\u00fancio. Estou tomando algumas liberdades para discutir as lutas que eu gostaria. <\/p>\n<p>Masvidal provavelmente \u00e9 a maior luta de retorno para Conor McGregor (embora eu possa ver um caso para Dustin Poirier), mas isso n\u00e3o vai acontecer para ele porque Masvidal est\u00e1 lutando contra Gilbert Burns. Dois pontos de vista importantes sobre este an\u00fancio de luta. <\/p>\n<ol>\n<li>Bom para queimaduras! Ele estava querendo essa luta h\u00e1 um tempo e era algo que ele nunca esperava vencer. Masvidal n\u00e3o v\u00ea Burns como uma grande oportunidade e parecia que ele teria que lutar contra Shavkat Rahmonov depois de derrotar Geoff Neal no in\u00edcio deste ano. Agora ele consegue um bom confronto com um grande nome, o tipo de luta que pode lev\u00e1-lo a uma disputa de cintur\u00e3o, dependendo de como o resto da categoria se sair\u00e1. <\/li>\n<li>Jorge Masvidal continua a ser palha\u00e7o. Masvidal perder\u00e1 Burns em uma luta muito ruim. \u00c9 prov\u00e1vel que ele seja espancado l\u00e1. Mas Masvidal continua a tom\u00e1-lo, embora n\u00e3o precisasse. Masvidal poderia ter entrado na loteria de McGregor ou brigado com algu\u00e9m mais poderoso. Mas isso n\u00e3o foi o que aconteceu. Ele provou que ainda \u00e9 Gamebred, e se conseguir fazer uma reviravolta, talvez consiga desafiar Leon Edwards pelo t\u00edtulo. <\/li>\n<\/ol>\n<hr class=\"p-entry-hr\">\n<h1>\n<strong>Glover Teixeira<\/strong><strong> e <\/strong><strong>Colina Jamahal<\/strong><br \/>\n<\/h1>\n<div>\n<blockquote class=\"twitter-tweet\" data-conversation=\"none\">\n<p lang=\"en\" dir=\"ltr\">Glover era o mesmo cara que lutou com Jiri, ou aquela luta exigiu tanto dele que ele era uma sombra de si mesmo? <\/p>\n<p>&#8212; Pete Armstrong (@PeteArmstrong18) <a rel=\"nofollow noopener\" target=\"_blank\" href=\"https:\/\/twitter.com\/PeteArmstrong18\/status\/1618058047427084288?ref_src=twsrc%5Etfw\">25 de janeiro de 2023<\/a>\n<\/p>\n<\/blockquote>\n<\/div>\n<p>Indo para a luta, eu teria presumido que Teixeira n\u00e3o era mais o mesmo cara, mas isso claramente n\u00e3o era verdade. N\u00e3o me interpretem mal, presumo que o Teixeira perdeu alguma coisa porque est\u00e1 a poucos anos de se qualificar para um cart\u00e3o AARP, mas se foi diminu\u00eddo, n\u00e3o apareceu. Este foi o Glover funcionalmente id\u00eantico que vimos nos \u00faltimos anos durante o renascimento de sua carreira e corrida pelo t\u00edtulo. Jamahal Hill acabou de bater no freio dele. Hill merece todo o cr\u00e9dito por isso. <\/p>\n<hr class=\"p-entry-hr\">\n<h1><strong>Colina x Teixeira<\/strong><\/h1>\n<div>\n<blockquote class=\"twitter-tweet\" data-conversation=\"none\">\n<p lang=\"en\" dir=\"ltr\"> Eu sou a \u00fanica pessoa que acha que colina vs. glover \u00e9 ruim? Muito cora\u00e7\u00e3o, mas ambos foram gaseados no round 3. Bones Jones mataria os dois. <\/p>\n<p>&#8211;Daniel Pompilio (@elpompilio) <a rel=\"nofollow noopener\" target=\"_blank\" href=\"https:\/\/twitter.com\/elpompilio\/status\/1619199788096065536?ref_src=twsrc%5Etfw\">28 de janeiro de 2023<\/a>\n<\/p>\n<\/blockquote>\n<\/div>\n<p>N\u00e3o acredito que seja justo afirmar que qualquer um deles foi gaseado. Ambos estavam claramente exaustos e trabalharam em um ritmo extremamente alto. N\u00e3o foi uma luta &#8220;excelente&#8221;, no entanto. A luta era unilateral, com o vencedor sendo muito mais habilidoso que o advers\u00e1rio, gerando viol\u00eancia. Apesar de n\u00e3o estar na minha lista de lutas do ano, com certeza n\u00e3o foi ruim. <\/p>\n<p>Quanto a Jon Jones, duvido que ele mataria qualquer um dos homens. Vimos Jones lutar contra Teixeira. Foi uma atua\u00e7\u00e3o impressionante de Jones, mas n\u00e3o foi &#8220;assassinato&#8221;. E Teixeira melhorou tecnicamente ao longo dos anos. \u00c9 prov\u00e1vel que Hill ven\u00e7a Hill. Mas estamos muito longe do pico Jones. Um homem que tem timing e boxe precisos e pode enfrentar a fisicalidade de Jones, pelo menos ser\u00e1 capaz de vencer &#8220;Bones&#8221;. <\/p>\n<hr class=\"p-entry-hr\">\n<h1><strong>Jamahal Hill, novo campe\u00e3o<\/strong><\/h1>\n<div>\n<blockquote class=\"twitter-tweet\" data-conversation=\"none\">\n<p lang=\"en\" dir=\"ltr\"> Eu ainda acredito que Jiri Prochazka vai rolar Jamahal Hill, se\/quando eles entrarem em uma briga. Como voc\u00ea v\u00ea aquele indo para baixo? <\/p>\n<p>&#8212; chucklehuttzz (@chucklehuttzz) <a rel=\"nofollow noopener\" target=\"_blank\" href=\"https:\/\/twitter.com\/chucklehuttzz\/status\/1619121112486645762?ref_src=twsrc%5Etfw\">27 de janeiro de 2023<\/a>\n<\/p>\n<\/blockquote>\n<\/div>\n<p>Honestamente, n\u00e3o fa\u00e7o ideia. <\/p>\n<p>A melhor atua\u00e7\u00e3o de Hill foi a vit\u00f3ria sobre Teixeira. Era incr\u00edvel que Hill pudesse fazer isso em suas lutas. Esse \u00e9 um cara que h\u00e1 menos de dois anos foi finalizado por Paul Craig no primeiro round, e h\u00e1 cinco meses cedeu v\u00e1rias quedas para o renomado wrestler Thiago Santos. Era imposs\u00edvel imaginar Hill vencendo Teixeira em todos os aspectos da partida. Ele poderia ter sa\u00eddo para espanc\u00e1-lo com um grande problema. Certo. Todos achavam que isso era poss\u00edvel. Mas <em>ningu\u00e9m<\/em> pensei que este homem iria vencer o pilar Glover para postar assim. Era um absurdo acreditar nisso. E agora que ele fez isso, fica dif\u00edcil saber o que Hill \u00e9 realmente capaz de seguir em frente. <\/p>\n<p>Eu vejo dois resultados para esta situa\u00e7\u00e3o. Hill poderia ter permanecido nivelado e ser um problema daqui para frente ou Hill poderia ter feito o show de suas vidas no maior palco de sua vida, mas retornar\u00e1 \u00e0 Terra. J\u00e1 vimos o \u00faltimo acontecer antes. Todos nos lembramos do estilo de Cody Garbrandt em Dominick Cruz. Esta foi a nossa cren\u00e7a de que este seria o in\u00edcio de uma nova era. Mas Garbrandt acabou sendo derrotado em mais tr\u00eas lutas. Hill pode ser o pr\u00f3ximo. OU Hill pode ser apenas esse cara agora. Jiri pode ter s\u00e9rios problemas se for esse o caso. Embora eu n\u00e3o tenha ideia do que est\u00e1 reservado para mim, \u00e9 algo que estou intrigado em descobrir. <\/p>\n<hr class=\"p-entry-hr\">\n<h1><strong>A imagem dos meio-pesados<\/strong><\/h1>\n<div>\n<blockquote class=\"twitter-tweet\" data-conversation=\"none\">\n<p lang=\"en\" dir=\"ltr\">J\u00e1 Hill afirmou que gostaria de lutar contra Jiri em julho\/agosto. O que devemos fazer com outros concorrentes importantes da LHW? Jan, Rakic \u200b\u200be Ankalev agora que Hill est\u00e1 prestes a retornar. <\/p>\n<p>&#8212; Anderson Gold (@frontkicked) <a rel=\"nofollow noopener\" target=\"_blank\" href=\"https:\/\/twitter.com\/frontkicked\/status\/1618412772928421889?ref_src=twsrc%5Etfw\">26 de janeiro de 2023<\/a>\n<\/p>\n<\/blockquote>\n<\/div>\n<div>\n<blockquote class=\"twitter-tweet\" data-conversation=\"none\">\n<p lang=\"en\" dir=\"ltr\">Voc\u00ea pega colinas responde a Jiri? Essa luta seria muito mais emocionante se fosse realizada em uma arena ao ar livre em dezembro pr\u00f3ximo. Deve estar em algum lugar com neve. Como favor de Smith, Hill deveria lutar contra Hill no ver\u00e3o. Ent\u00e3o terminamos o ano com jiri\/hill ao ar livre e neve<\/p>\n<p>&#8211;James (@DangerFraser) <a rel=\"nofollow noopener\" target=\"_blank\" href=\"https:\/\/twitter.com\/DangerFraser\/status\/1618384796090236929?ref_src=twsrc%5Etfw\">25 de janeiro de 2023<\/a>\n<\/p>\n<\/blockquote>\n<\/div>\n<p> Acho que o UFC vai tentar esperar a luta do Jiri Prochazka, mas \u00e9 uma p\u00e9ssima ideia. N\u00e3o sabemos se isso \u00e9 poss\u00edvel. Jiri afirma que acredita que estar\u00e1 de volta em agosto, o que seria fant\u00e1stico, mas faltam mais de seis meses. Qualquer coisa pode acontecer durante esse tempo para atras\u00e1-lo em sua recupera\u00e7\u00e3o. Esse \u00e9 o Plano A. <\/p>\n<p>Hill vs. Magomed ankalaev seria minha escolha se eu pudesse ter as chaves do reino. Teria lugar no final da primavera ou in\u00edcio do ver\u00e3o. Esses s\u00e3o os dois melhores caras da categoria que n\u00e3o precisam lidar com uma les\u00e3o no ombro, e isso d\u00e1 a Jiri bastante tempo para se certificar de que est\u00e1 totalmente curado e pronto para voltar. Jiri \u00e9 o vencedor. Jan Blachowicz x Anthony Smith est\u00e3o lutando, enquanto Rakic \u200b\u200bassume o vencedor para o pr\u00f3ximo eliminador do t\u00edtulo. <\/p>\n<p>Al\u00e9m disso, eu dei merda a Hill por <a rel=\"nofollow noopener\" target=\"_blank\" href=\"https:\/\/twitter.com\/JamahalH\/status\/1610437496000626688\">algumas das coisas que ele disse<\/a>, e isso \u00e9 totalmente merecido. Mas tamb\u00e9m darei suporte ao homem por sua resposta a Jiri, <a rel=\"nofollow noopener\" target=\"_blank\" href=\"https:\/\/www.instagram.com\/p\/Cn15g80PhHb\/?hl=en\">o que foi definitivamente engra\u00e7ado<\/a>. <\/p>\n<hr class=\"p-entry-hr\">\n<h1><strong>O ultimo lutador<\/strong><\/h1>\n<div>\n<blockquote class=\"twitter-tweet\" data-conversation=\"none\">\n<p lang=\"en\" dir=\"ltr\">Ent\u00e3o, com o retorno do TUF, qual dupla de treinadores voc\u00ea gostaria de ver e quem voc\u00ea realmente acha que ser\u00e1? meu favorito seria izzy\/pereira ou OMalley\/Chito e outro irrealista seria khamzat\/colby. <\/p>\n<p>&#8212; Anderson Gold (@frontkicked) <a rel=\"nofollow noopener\" target=\"_blank\" href=\"https:\/\/twitter.com\/frontkicked\/status\/1618409449563226113?ref_src=twsrc%5Etfw\">26 de janeiro de 2023<\/a>\n<\/p>\n<\/blockquote>\n<\/div>\n<p>Embora isso v\u00e1 contra o que acabei de escrever, se o UFC insiste em fazer TUF e insiste em tentar fazer Jiri x Jamahal em agosto, acho que o caminho mais \u00f3bvio a seguir seria Jiri e Jamahal como treinadores. Isso teoricamente d\u00e1 ao UFC a capacidade de criar a marca de Hill e Prochazka e se sobrep\u00f5e bem ao longo atraso. <\/p>\n<p>Mas isso n\u00e3o \u00e9 tudo. Conor McGregor enfrentar\u00e1 Michael Chandler. Isso \u00e9 o mais pr\u00f3ximo de um cadeado que essas coisas chegam. <\/p>\n<hr class=\"p-entry-hr\">\n<p><em>Obrigado por ler e obrigado por todos que enviaram Tweets! Voc\u00ea tem alguma d\u00favida sobre coisas relacionadas a esportes de combate? Ent\u00e3o voc\u00ea est\u00e1 com sorte, porque voc\u00ea pode enviar seus Tweets quentes para mim, <\/em><a rel=\"nofollow noopener\" target=\"_blank\" href=\"https:\/\/twitter.com\/JedKMeshew\"><em>@JedKMeshew<\/em><\/a><em>, e eu vou respond\u00ea-los! N\u00e3o importa qual seja o tema. Voc\u00ea pode envi\u00e1-los para mim, e responderei aqueles que mais amo. Vamos nos divertir. <\/em><\/p>\n<p><p>Fonte: https:\/\/www.mmafighting.com\/2023\/1\/28\/23575522\/hot-tweets-alex-pereira-and-israel-adesanya-meet-again-plus-jamahal-hills-big-win-at- ufc-283?rand=96749<\/p>\n","protected":false},"excerpt":{"rendered":"<p>Estamos de volta! Estamos de volta! \u00c9 mais uma semana de baixas no MMA. O UFC acaba de anunciar algumas grandes lutas e estamos no UFC 283, ent\u00e3o h\u00e1 muito o que falar. Vamos ao que interessa. Alex Pereira contra Israel Adesanya 2 (4?) Evento principal do UFC287 em abril? Provavelmente Poatan, mas voc\u00ea acha [&hellip;]<\/p>\n","protected":false},"author":1,"featured_media":347110,"comment_status":"","ping_status":"open","sticky":false,"template":"","format":"standard","meta":{"footnotes":""},"categories":[1170],"tags":[],"_links":{"self":[{"href":"https:\/\/wmmaa.org\/pt-pt\/wp-json\/wp\/v2\/posts\/347122"}],"collection":[{"href":"https:\/\/wmmaa.org\/pt-pt\/wp-json\/wp\/v2\/posts"}],"about":[{"href":"https:\/\/wmmaa.org\/pt-pt\/wp-json\/wp\/v2\/types\/post"}],"author":[{"embeddable":true,"href":"https:\/\/wmmaa.org\/pt-pt\/wp-json\/wp\/v2\/users\/1"}],"replies":[{"embeddable":true,"href":"https:\/\/wmmaa.org\/pt-pt\/wp-json\/wp\/v2\/comments?post=347122"}],"version-history":[{"count":0,"href":"https:\/\/wmmaa.org\/pt-pt\/wp-json\/wp\/v2\/posts\/347122\/revisions"}],"wp:featuredmedia":[{"embeddable":true,"href":"https:\/\/wmmaa.org\/pt-pt\/wp-json\/wp\/v2\/media\/347110"}],"wp:attachment":[{"href":"https:\/\/wmmaa.org\/pt-pt\/wp-json\/wp\/v2\/media?parent=347122"}],"wp:term":[{"taxonomy":"category","embeddable":true,"href":"https:\/\/wmmaa.org\/pt-pt\/wp-json\/wp\/v2\/categories?post=347122"},{"taxonomy":"post_tag","embeddable":true,"href":"https:\/\/wmmaa.org\/pt-pt\/wp-json\/wp\/v2\/tags?post=347122"}],"curies":[{"name":"wp","href":"https:\/\/api.w.org\/{rel}","templated":true}]}}