{"id":345890,"date":"2023-01-26T22:11:05","date_gmt":"2023-01-26T20:11:05","guid":{"rendered":"https:\/\/wmmaa.org\/luta-entre-charles-oliveira-e-benil-dariush-esta-marcada-para-maio\/"},"modified":"2023-01-26T22:11:05","modified_gmt":"2023-01-26T20:11:05","slug":"luta-entre-charles-oliveira-e-benil-dariush-esta-marcada-para-maio","status":"publish","type":"post","link":"https:\/\/wmmaa.org\/pt-pt\/luta-entre-charles-oliveira-e-benil-dariush-esta-marcada-para-maio\/","title":{"rendered":"Luta entre Charles Oliveira e Benil Dariush est\u00e1 marcada para maio"},"content":{"rendered":"<div id=\"feat-img-reg\" class=\"relative\">\n <img decoding=\"async\" src=\"https:\/\/wmmaa.org\/wp-content\/uploads\/2023\/01\/90ee596733140998a431048728d572d2_XL.jpg\" alt=\"Luta entre Charles Oliveira e Benil Dariush est\u00e1 marcada para maio\"><\/div>\n<p><!-- Item introtext --><\/p>\n<div class=\"itemIntroText\">\n<p>Uma potencial luta entre Charles Oliveira e Benil Dariush est\u00e1 em andamento e pode acontecer em maio.<\/p>\n<\/p>\n<\/div>\n<p><!--AdFox START--><\/p>\n<p><!--&#1055;&#1083;&#1086;&#1097;&#1072;&#1076;&#1082;&#1072;: FightTime.ru \/ * \/ *--><\/p>\n<p><!--&#1058;&#1080;&#1087; &#1073;&#1072;&#1085;&#1085;&#1077;&#1088;&#1072;: &#1044;&#1077;&#1089;&#1082;&#1090;&#1086;&#1087;\/&#1052;&#1086;&#1073;&#1080;&#1083;&#1100;&#1085;&#1099;&#1081; 728x90\/300x300--><\/p>\n<p><!--&#1056;&#1072;&#1089;&#1087;&#1086;&#1083;&#1086;&#1078;&#1077;&#1085;&#1080;&#1077;: &#1050;&#1086;&#1085;&#1090;&#1077;&#1085;&#1090; &#1087;&#1086;&#1089;&#1083;&#1077; &#1074;&#1089;&#1090;&#1091;&#1087;&#1083;&#1077;&#1085;&#1080;&#1103;--><\/p>\n<div id=\"adfox_167032076949914564\" class=\"yandex_rtb_wrapper\"><\/div>\n<p><!-- Item fulltext --><\/p>\n<div class=\"itemFullText\">\n<blockquote>\n<p>\u201cInicialmente, me ofereceram para lutar contra Charles Oliveira no Rio de Janeiro, mas havia pouco tempo para me preparar, e foi decidido mudar a luta para fevereiro, o que me agradou completamente\u201d, disse Dariush em entrevista ao The Schmo. \u201cA\u00ed falaram que seria em mar\u00e7o, depois em abril e agora estamos discutindo maio. N\u00e3o sei o que vai acontecer, n\u00e3o tenho certeza absoluta que essa luta vai acontecer, mas prefiro lutar antes, em mar\u00e7o ou abril.\u201d<\/p>\n<\/blockquote>\n<p>Em outubro passado, no UFC 280, em Abu Dhabi, Charles Oliveira n\u00e3o conseguiu conquistar o cintur\u00e3o vago do UFC leve, perdendo por estrangulamento de bra\u00e7o no segundo round para Islam Makhachev, e Benil Dariush somou sua oitava vit\u00f3ria consecutiva no mesmo evento, vencendo por unanimidade decis\u00e3o. por Mateusz Gamrot.<\/p>\n<p>Oliveira e Dariush est\u00e3o atualmente em 1\u00ba e 4\u00ba lugar no ranking dos leves do UFC, respectivamente.<\/p>\n<\/p>\n<\/div>\n<p><!--post-tags--><\/p>\n<p>Fonte: https:\/\/fighttime.ru\/news\/item\/30618-boj-charlza-olivejry-i-benila-dariusha-zaplanirovan-na-maj.html?rand=19907<\/p>\n","protected":false},"excerpt":{"rendered":"<p>Uma potencial luta entre Charles Oliveira e Benil Dariush est\u00e1 em andamento e pode acontecer em maio. \u201cInicialmente, me ofereceram para lutar contra Charles Oliveira no Rio de Janeiro, mas havia pouco tempo para me preparar, e foi decidido mudar a luta para fevereiro, o que me agradou completamente\u201d, disse Dariush em entrevista ao The [&hellip;]<\/p>\n","protected":false},"author":1,"featured_media":345878,"comment_status":"","ping_status":"open","sticky":false,"template":"","format":"standard","meta":{"footnotes":""},"categories":[1170],"tags":[1574,1586],"_links":{"self":[{"href":"https:\/\/wmmaa.org\/pt-pt\/wp-json\/wp\/v2\/posts\/345890"}],"collection":[{"href":"https:\/\/wmmaa.org\/pt-pt\/wp-json\/wp\/v2\/posts"}],"about":[{"href":"https:\/\/wmmaa.org\/pt-pt\/wp-json\/wp\/v2\/types\/post"}],"author":[{"embeddable":true,"href":"https:\/\/wmmaa.org\/pt-pt\/wp-json\/wp\/v2\/users\/1"}],"replies":[{"embeddable":true,"href":"https:\/\/wmmaa.org\/pt-pt\/wp-json\/wp\/v2\/comments?post=345890"}],"version-history":[{"count":0,"href":"https:\/\/wmmaa.org\/pt-pt\/wp-json\/wp\/v2\/posts\/345890\/revisions"}],"wp:featuredmedia":[{"embeddable":true,"href":"https:\/\/wmmaa.org\/pt-pt\/wp-json\/wp\/v2\/media\/345878"}],"wp:attachment":[{"href":"https:\/\/wmmaa.org\/pt-pt\/wp-json\/wp\/v2\/media?parent=345890"}],"wp:term":[{"taxonomy":"category","embeddable":true,"href":"https:\/\/wmmaa.org\/pt-pt\/wp-json\/wp\/v2\/categories?post=345890"},{"taxonomy":"post_tag","embeddable":true,"href":"https:\/\/wmmaa.org\/pt-pt\/wp-json\/wp\/v2\/tags?post=345890"}],"curies":[{"name":"wp","href":"https:\/\/api.w.org\/{rel}","templated":true}]}}