{"id":345589,"date":"2023-01-26T12:46:59","date_gmt":"2023-01-26T10:46:59","guid":{"rendered":"https:\/\/wmmaa.org\/charlo-esta-doente-e-isso-e-serio-diz-ajudante-do-prograis\/"},"modified":"2023-01-26T12:46:59","modified_gmt":"2023-01-26T10:46:59","slug":"charlo-esta-doente-e-isso-e-serio-diz-ajudante-do-prograis","status":"publish","type":"post","link":"https:\/\/wmmaa.org\/pt-pt\/charlo-esta-doente-e-isso-e-serio-diz-ajudante-do-prograis\/","title":{"rendered":"Charlo est\u00e1 doente. E isso \u00e9 s\u00e9rio &#8211; diz ajudante do Prograis"},"content":{"rendered":"<p><img decoding=\"async\" src=\"https:\/\/wmmaa.org\/wp-content\/uploads\/2023\/01\/7a1275fb30f138b2db0040098f962ae6.JPG\" alt=\"\"><\/p>\n<div>\n<p> O campe\u00e3o superleve americano WBC Regis Prograis (28-1, 24 KOs) comentou sobre a longa aus\u00eancia do ringue do dono do mesmo t\u00edtulo, mas no compatriota dos m\u00e9dios e companheiro pr\u00f3ximo Jermall Charlo (32-0, 22 KOs).<\/p>\n<p> Prograis<br \/>\n<a rel=\"nofollow noopener\" target=\"_blank\" href=\"https:\/\/www.youtube.com\/watch?v=4NGlz8uCkwg\">confirma<\/a>que Charlo tem s\u00e9rios problemas mentais: \u201cEle tem alguns problemas pessoais. Problemas pessoais graves. Ele falou muito, mas confie em mim, o cara passou por muita merda. Ele j\u00e1 est\u00e1 se recuperando. Mas voc\u00ea deveria ter visto o estado em que ele estava&#8230; Ele realmente n\u00e3o poderia lutar em tal estado.\u201d <\/p>\n<p> O problema n\u00e3o est\u00e1 em Charlo, mas nas a\u00e7\u00f5es do WBC &#8211; eles deveriam ter tirado o t\u00edtulo do campe\u00e3o h\u00e1 muito tempo, promovido o detentor do cintur\u00e3o interino dominicano Carlos Adames. O Prograis entende isso: \u201cSim, ele \u00e9 um campe\u00e3o e tal. Ou seja, ele tem obriga\u00e7\u00f5es. Mas isso acontece. Estou lhe dizendo, ele est\u00e1 se recuperando. E ele voltar\u00e1 igual: disciplinado e preparado. Eu vi ele. Fiquei surpreso que com tudo isso ele se mant\u00e9m em forma e treina. Estou lhe dizendo, ele est\u00e1 melhor agora.&#8221; <\/p>\n<p> No entanto, Prograis n\u00e3o tem certeza se veremos o campe\u00e3o em a\u00e7\u00e3o em breve: \u201cComo eu poderia saber? Pelo que entendi, primeiro ele precisa resolver todos os seus problemas. est\u00e1 se recuperando, mas isso n\u00e3o significa que ele est\u00e1 bem. Ele est\u00e1 melhor do que antes. Isso \u00e9 tudo que posso dizer.&#8221;<\/p>\n<p>H\u00e1 rumores de que Jermall abusa do \u00e1lcool. Em novembro, Charlo desafiou repentinamente o campe\u00e3o dos meio-pesados: \u201cQuero Bivol! Bivol, cad\u00ea voc\u00ea? Bivol comentou sobre o epis\u00f3dio: &#8220;N\u00e3o cheirei a fuma\u00e7a de Charlo.&#8221;<\/p>\n<p><b><\/p>\n","protected":false},"excerpt":{"rendered":"<p>O campe\u00e3o superleve americano WBC Regis Prograis (28-1, 24 KOs) comentou sobre a longa aus\u00eancia do ringue do dono do mesmo t\u00edtulo, mas no compatriota dos m\u00e9dios e companheiro pr\u00f3ximo Jermall Charlo (32-0, 22 KOs). Prograis confirmaque Charlo tem s\u00e9rios problemas mentais: \u201cEle tem alguns problemas pessoais. Problemas pessoais graves. Ele falou muito, mas confie [&hellip;]<\/p>\n","protected":false},"author":1,"featured_media":345574,"comment_status":"","ping_status":"open","sticky":false,"template":"","format":"standard","meta":{"footnotes":""},"categories":[1170],"tags":[],"_links":{"self":[{"href":"https:\/\/wmmaa.org\/pt-pt\/wp-json\/wp\/v2\/posts\/345589"}],"collection":[{"href":"https:\/\/wmmaa.org\/pt-pt\/wp-json\/wp\/v2\/posts"}],"about":[{"href":"https:\/\/wmmaa.org\/pt-pt\/wp-json\/wp\/v2\/types\/post"}],"author":[{"embeddable":true,"href":"https:\/\/wmmaa.org\/pt-pt\/wp-json\/wp\/v2\/users\/1"}],"replies":[{"embeddable":true,"href":"https:\/\/wmmaa.org\/pt-pt\/wp-json\/wp\/v2\/comments?post=345589"}],"version-history":[{"count":0,"href":"https:\/\/wmmaa.org\/pt-pt\/wp-json\/wp\/v2\/posts\/345589\/revisions"}],"wp:featuredmedia":[{"embeddable":true,"href":"https:\/\/wmmaa.org\/pt-pt\/wp-json\/wp\/v2\/media\/345574"}],"wp:attachment":[{"href":"https:\/\/wmmaa.org\/pt-pt\/wp-json\/wp\/v2\/media?parent=345589"}],"wp:term":[{"taxonomy":"category","embeddable":true,"href":"https:\/\/wmmaa.org\/pt-pt\/wp-json\/wp\/v2\/categories?post=345589"},{"taxonomy":"post_tag","embeddable":true,"href":"https:\/\/wmmaa.org\/pt-pt\/wp-json\/wp\/v2\/tags?post=345589"}],"curies":[{"name":"wp","href":"https:\/\/api.w.org\/{rel}","templated":true}]}}